{"id":3350,"date":"2024-08-12T13:21:49","date_gmt":"2024-08-12T13:21:49","guid":{"rendered":"https:\/\/pju-upj.org\/?p=3350"},"modified":"2024-08-12T13:22:40","modified_gmt":"2024-08-12T13:22:40","slug":"union-panamericana-de-judo-celebra-el-dia-internacional-de-la-juventud-pan-american-judo-union-celebrates-international-youth-day","status":"publish","type":"post","link":"https:\/\/pju-upj.org\/?p=3350","title":{"rendered":"UNION PANAMERICANA DE JUDO CELEBRA EL DIA INTERNACIONAL DE LA JUVENTUD  \/  PAN AMERICAN JUDO UNION CELEBRATES INTERNATIONAL YOUTH DAY"},"content":{"rendered":"<h1><strong>UNION PANAMERICANA DE JUDO CELEBRA EL DIA INTERNACIONAL DE LA JUVENTUD<\/strong><\/h1>\n<figure id=\"attachment_3351\" aria-describedby=\"caption-attachment-3351\" style=\"width: 735px\" class=\"wp-caption aligncenter\"><img decoding=\"async\" loading=\"lazy\" class=\"wp-image-3351\" src=\"https:\/\/pju-upj.org\/wp-content\/uploads\/2024\/08\/20240804_173633-300x169.jpg\" alt=\"Actividad en Santo Domingo, Republica Dominicana en el Dia Internacional de la Juventud 2024\" width=\"735\" height=\"414\" srcset=\"https:\/\/pju-upj.org\/wp-content\/uploads\/2024\/08\/20240804_173633-300x169.jpg 300w, https:\/\/pju-upj.org\/wp-content\/uploads\/2024\/08\/20240804_173633-1024x577.jpg 1024w, https:\/\/pju-upj.org\/wp-content\/uploads\/2024\/08\/20240804_173633-768x432.jpg 768w, https:\/\/pju-upj.org\/wp-content\/uploads\/2024\/08\/20240804_173633-1536x865.jpg 1536w, https:\/\/pju-upj.org\/wp-content\/uploads\/2024\/08\/20240804_173633-2048x1153.jpg 2048w, https:\/\/pju-upj.org\/wp-content\/uploads\/2024\/08\/20240804_173633-696x392.jpg 696w, https:\/\/pju-upj.org\/wp-content\/uploads\/2024\/08\/20240804_173633-1068x601.jpg 1068w, https:\/\/pju-upj.org\/wp-content\/uploads\/2024\/08\/20240804_173633-746x420.jpg 746w, https:\/\/pju-upj.org\/wp-content\/uploads\/2024\/08\/20240804_173633-1920x1081.jpg 1920w\" sizes=\"(max-width: 735px) 100vw, 735px\" \/><figcaption id=\"caption-attachment-3351\" class=\"wp-caption-text\"><strong>Actividad en Santo Domingo, Republica Dominicana en el Dia Internacional de la Juventud 2024<\/strong><\/figcaption><\/figure>\n<h3 style=\"text-align: justify;\"><strong><img decoding=\"async\" loading=\"lazy\" class=\"size-medium wp-image-3355 alignleft\" src=\"https:\/\/pju-upj.org\/wp-content\/uploads\/2024\/08\/IMG-20240807-WA0068-1-300x225.jpg\" alt=\"\" width=\"300\" height=\"225\" srcset=\"https:\/\/pju-upj.org\/wp-content\/uploads\/2024\/08\/IMG-20240807-WA0068-1-300x225.jpg 300w, https:\/\/pju-upj.org\/wp-content\/uploads\/2024\/08\/IMG-20240807-WA0068-1-1024x768.jpg 1024w, https:\/\/pju-upj.org\/wp-content\/uploads\/2024\/08\/IMG-20240807-WA0068-1-768x576.jpg 768w, https:\/\/pju-upj.org\/wp-content\/uploads\/2024\/08\/IMG-20240807-WA0068-1-80x60.jpg 80w, https:\/\/pju-upj.org\/wp-content\/uploads\/2024\/08\/IMG-20240807-WA0068-1-265x198.jpg 265w, https:\/\/pju-upj.org\/wp-content\/uploads\/2024\/08\/IMG-20240807-WA0068-1-696x522.jpg 696w, https:\/\/pju-upj.org\/wp-content\/uploads\/2024\/08\/IMG-20240807-WA0068-1-1068x801.jpg 1068w, https:\/\/pju-upj.org\/wp-content\/uploads\/2024\/08\/IMG-20240807-WA0068-1-560x420.jpg 560w, https:\/\/pju-upj.org\/wp-content\/uploads\/2024\/08\/IMG-20240807-WA0068-1.jpg 1280w\" sizes=\"(max-width: 300px) 100vw, 300px\" \/>Santo Domingo, Republica Dominicana.-<\/strong> Diferentes Federaciones Nacionales afiliadas a la Uni\u00f3n Panamericana de Judo (UPJ) se unieron a las diferentes actividades en la celebraci\u00f3n del Dia Internacional de la Juventud 2024 como una fecha instituida por la Asamblea General de las Naciones Unidas un 17 de diciembre 1999 de manera que esta memorable fecha inicio en el 2000.<br \/>\n<img decoding=\"async\" loading=\"lazy\" class=\"size-medium wp-image-3356 alignright\" src=\"https:\/\/pju-upj.org\/wp-content\/uploads\/2024\/08\/IMG-20240807-WA0073-300x225.jpg\" alt=\"\" width=\"300\" height=\"225\" srcset=\"https:\/\/pju-upj.org\/wp-content\/uploads\/2024\/08\/IMG-20240807-WA0073-300x225.jpg 300w, https:\/\/pju-upj.org\/wp-content\/uploads\/2024\/08\/IMG-20240807-WA0073-1024x768.jpg 1024w, https:\/\/pju-upj.org\/wp-content\/uploads\/2024\/08\/IMG-20240807-WA0073-768x576.jpg 768w, https:\/\/pju-upj.org\/wp-content\/uploads\/2024\/08\/IMG-20240807-WA0073-80x60.jpg 80w, https:\/\/pju-upj.org\/wp-content\/uploads\/2024\/08\/IMG-20240807-WA0073-265x198.jpg 265w, https:\/\/pju-upj.org\/wp-content\/uploads\/2024\/08\/IMG-20240807-WA0073-696x522.jpg 696w, https:\/\/pju-upj.org\/wp-content\/uploads\/2024\/08\/IMG-20240807-WA0073-1068x801.jpg 1068w, https:\/\/pju-upj.org\/wp-content\/uploads\/2024\/08\/IMG-20240807-WA0073-560x420.jpg 560w, https:\/\/pju-upj.org\/wp-content\/uploads\/2024\/08\/IMG-20240807-WA0073.jpg 1280w\" sizes=\"(max-width: 300px) 100vw, 300px\" \/>Para este 2024 las Naciones Unidas han instituido el lema del D\u00eda Internacional de la Juventud el cual reza de la siguiente manera; \u00ab<b>De los clics al progreso: V\u00edas digitales de la juventud para el desarrollo sostenible<\/b>\u00bb.<br \/>\nHace hincapi\u00e9 en el papel de la tecnolog\u00eda digital en la consecuci\u00f3n de los Objetivos de Desarrollo Sostenible (ODS).<br \/>\n<img decoding=\"async\" loading=\"lazy\" class=\"size-medium wp-image-3357 alignleft\" src=\"https:\/\/pju-upj.org\/wp-content\/uploads\/2024\/08\/IMG-20240807-WA0070-300x225.jpg\" alt=\"\" width=\"300\" height=\"225\" srcset=\"https:\/\/pju-upj.org\/wp-content\/uploads\/2024\/08\/IMG-20240807-WA0070-300x225.jpg 300w, https:\/\/pju-upj.org\/wp-content\/uploads\/2024\/08\/IMG-20240807-WA0070-1024x768.jpg 1024w, https:\/\/pju-upj.org\/wp-content\/uploads\/2024\/08\/IMG-20240807-WA0070-768x576.jpg 768w, https:\/\/pju-upj.org\/wp-content\/uploads\/2024\/08\/IMG-20240807-WA0070-80x60.jpg 80w, https:\/\/pju-upj.org\/wp-content\/uploads\/2024\/08\/IMG-20240807-WA0070-265x198.jpg 265w, https:\/\/pju-upj.org\/wp-content\/uploads\/2024\/08\/IMG-20240807-WA0070-696x522.jpg 696w, https:\/\/pju-upj.org\/wp-content\/uploads\/2024\/08\/IMG-20240807-WA0070-1068x801.jpg 1068w, https:\/\/pju-upj.org\/wp-content\/uploads\/2024\/08\/IMG-20240807-WA0070-560x420.jpg 560w, https:\/\/pju-upj.org\/wp-content\/uploads\/2024\/08\/IMG-20240807-WA0070.jpg 1280w\" sizes=\"(max-width: 300px) 100vw, 300px\" \/>Seg\u00fan el documento de s\u00edntesis del D\u00eda Internacional de la Juventud de las Naciones Unidas, la r\u00e1pida transformaci\u00f3n digital que se est\u00e1 produciendo en todo el mundo fue reconocida por el Grupo de las Naciones Unidas para el Desarrollo Sostenible (GNUD) como una de las seis transiciones que tienen efectos catalizadores y multiplicadores en todos los ODS.<br \/>\n<img decoding=\"async\" loading=\"lazy\" class=\"size-medium wp-image-3358 alignright\" src=\"https:\/\/pju-upj.org\/wp-content\/uploads\/2024\/08\/IMG-20240807-WA0074-300x225.jpg\" alt=\"\" width=\"300\" height=\"225\" srcset=\"https:\/\/pju-upj.org\/wp-content\/uploads\/2024\/08\/IMG-20240807-WA0074-300x225.jpg 300w, https:\/\/pju-upj.org\/wp-content\/uploads\/2024\/08\/IMG-20240807-WA0074-1024x768.jpg 1024w, https:\/\/pju-upj.org\/wp-content\/uploads\/2024\/08\/IMG-20240807-WA0074-768x576.jpg 768w, https:\/\/pju-upj.org\/wp-content\/uploads\/2024\/08\/IMG-20240807-WA0074-80x60.jpg 80w, https:\/\/pju-upj.org\/wp-content\/uploads\/2024\/08\/IMG-20240807-WA0074-265x198.jpg 265w, https:\/\/pju-upj.org\/wp-content\/uploads\/2024\/08\/IMG-20240807-WA0074-696x522.jpg 696w, https:\/\/pju-upj.org\/wp-content\/uploads\/2024\/08\/IMG-20240807-WA0074-1068x801.jpg 1068w, https:\/\/pju-upj.org\/wp-content\/uploads\/2024\/08\/IMG-20240807-WA0074-560x420.jpg 560w, https:\/\/pju-upj.org\/wp-content\/uploads\/2024\/08\/IMG-20240807-WA0074.jpg 1280w\" sizes=\"(max-width: 300px) 100vw, 300px\" \/>En nuestra Am\u00e9rica tuvimos la integraci\u00f3n de las diferentes Federaciones Nacionales en el Dia Internacional de la Juventud con practicas y competencias intramuros, exposiciones de afiches y fotogr\u00e1ficas, ex\u00e1menes de grado, cl\u00ednicas de arbitraje, entre otras importantes actividades.<br \/>\n<img decoding=\"async\" loading=\"lazy\" class=\"size-medium wp-image-3359 alignleft\" src=\"https:\/\/pju-upj.org\/wp-content\/uploads\/2024\/08\/IMG-20240807-WA0067-300x225.jpg\" alt=\"\" width=\"300\" height=\"225\" srcset=\"https:\/\/pju-upj.org\/wp-content\/uploads\/2024\/08\/IMG-20240807-WA0067-300x225.jpg 300w, https:\/\/pju-upj.org\/wp-content\/uploads\/2024\/08\/IMG-20240807-WA0067-1024x768.jpg 1024w, https:\/\/pju-upj.org\/wp-content\/uploads\/2024\/08\/IMG-20240807-WA0067-768x576.jpg 768w, https:\/\/pju-upj.org\/wp-content\/uploads\/2024\/08\/IMG-20240807-WA0067-80x60.jpg 80w, https:\/\/pju-upj.org\/wp-content\/uploads\/2024\/08\/IMG-20240807-WA0067-265x198.jpg 265w, https:\/\/pju-upj.org\/wp-content\/uploads\/2024\/08\/IMG-20240807-WA0067-696x522.jpg 696w, https:\/\/pju-upj.org\/wp-content\/uploads\/2024\/08\/IMG-20240807-WA0067-1068x801.jpg 1068w, https:\/\/pju-upj.org\/wp-content\/uploads\/2024\/08\/IMG-20240807-WA0067-560x420.jpg 560w, https:\/\/pju-upj.org\/wp-content\/uploads\/2024\/08\/IMG-20240807-WA0067.jpg 1280w\" sizes=\"(max-width: 300px) 100vw, 300px\" \/>El Comit\u00e9 Ejecutivo de la Uni\u00f3n Panamericana de Judo que coordino los trabajos del Dia Internacional de la Juventud 2024 esta integrado por Jaime Casanova Mart\u00ednez \u2013 Presidente (Rep\u00fablica Dominicana), Elizabeth Thompson \u2013 Vicepresidenta (Chile), Juli\u00e1n Abreu Jim\u00e9nez \u2013 Secretario (Estados Unidos), Edgar Claure Mayorga \u2013 Tesorero (Bolivia), Lizardo Suazo \u2013 Director Arbitraje (Chile), y Galileo Paolo \u2013 Director Deportivo (Brasil).<\/h3>\n<p><strong>Nota: Actividad de la Federaci\u00f3n Nacional de Judo (Fenajudo), Chile.<\/strong><\/p>\n<p><strong>Lunes 12 de agosto 2024.-<\/strong><br \/>\n_____________________________________________________________________<\/p>\n<h3 style=\"text-align: justify;\"><strong>PANAMERICAN JUDO UNION CELEBRATES INTERNATIONAL YOUTH DAY<\/strong><\/h3>\n<h3 style=\"text-align: justify;\"><strong><img decoding=\"async\" loading=\"lazy\" class=\"size-medium wp-image-3362 alignleft\" src=\"https:\/\/pju-upj.org\/wp-content\/uploads\/2024\/08\/IMG-20240807-WA0063-300x225.jpg\" alt=\"\" width=\"300\" height=\"225\" srcset=\"https:\/\/pju-upj.org\/wp-content\/uploads\/2024\/08\/IMG-20240807-WA0063-300x225.jpg 300w, https:\/\/pju-upj.org\/wp-content\/uploads\/2024\/08\/IMG-20240807-WA0063-1024x768.jpg 1024w, https:\/\/pju-upj.org\/wp-content\/uploads\/2024\/08\/IMG-20240807-WA0063-768x576.jpg 768w, https:\/\/pju-upj.org\/wp-content\/uploads\/2024\/08\/IMG-20240807-WA0063-80x60.jpg 80w, https:\/\/pju-upj.org\/wp-content\/uploads\/2024\/08\/IMG-20240807-WA0063-265x198.jpg 265w, https:\/\/pju-upj.org\/wp-content\/uploads\/2024\/08\/IMG-20240807-WA0063-696x522.jpg 696w, https:\/\/pju-upj.org\/wp-content\/uploads\/2024\/08\/IMG-20240807-WA0063-1068x801.jpg 1068w, https:\/\/pju-upj.org\/wp-content\/uploads\/2024\/08\/IMG-20240807-WA0063-560x420.jpg 560w, https:\/\/pju-upj.org\/wp-content\/uploads\/2024\/08\/IMG-20240807-WA0063.jpg 1280w\" sizes=\"(max-width: 300px) 100vw, 300px\" \/>Santo Domingo, Dominican Republic.-<\/strong> Different National Federations affiliated to the Panamerican Judo Union (PJU) joined the different activities in the celebration of the International Youth Day 2024 as a date instituted by the United Nations General Assembly on December 17, 1999 so that this memorable date began in 2000.<br \/>\nFor this 2024 the United Nations has instituted the motto of the International Youth Day which reads as follows; <strong>\u00abFrom clicks to progress: Digital pathways for youth for sustainable development.\u00bb<\/strong><br \/>\n<img decoding=\"async\" loading=\"lazy\" class=\"size-medium wp-image-3363 alignright\" src=\"https:\/\/pju-upj.org\/wp-content\/uploads\/2024\/08\/IMG-20240807-WA0066-300x225.jpg\" alt=\"\" width=\"300\" height=\"225\" srcset=\"https:\/\/pju-upj.org\/wp-content\/uploads\/2024\/08\/IMG-20240807-WA0066-300x225.jpg 300w, https:\/\/pju-upj.org\/wp-content\/uploads\/2024\/08\/IMG-20240807-WA0066-1024x768.jpg 1024w, https:\/\/pju-upj.org\/wp-content\/uploads\/2024\/08\/IMG-20240807-WA0066-768x576.jpg 768w, https:\/\/pju-upj.org\/wp-content\/uploads\/2024\/08\/IMG-20240807-WA0066-80x60.jpg 80w, https:\/\/pju-upj.org\/wp-content\/uploads\/2024\/08\/IMG-20240807-WA0066-265x198.jpg 265w, https:\/\/pju-upj.org\/wp-content\/uploads\/2024\/08\/IMG-20240807-WA0066-696x522.jpg 696w, https:\/\/pju-upj.org\/wp-content\/uploads\/2024\/08\/IMG-20240807-WA0066-1068x801.jpg 1068w, https:\/\/pju-upj.org\/wp-content\/uploads\/2024\/08\/IMG-20240807-WA0066-560x420.jpg 560w, https:\/\/pju-upj.org\/wp-content\/uploads\/2024\/08\/IMG-20240807-WA0066.jpg 1280w\" sizes=\"(max-width: 300px) 100vw, 300px\" \/>It emphasizes the role of digital technology in achieving the Sustainable Development Goals (SDG).<br \/>\nAccording to the United Nations International Youth Day summary document, the rapid digital transformation taking place around the world was recognized by the United Nations Sustainable Development Group (UNDG) as one of the six transitions that have catalytic and multiplying effects on all SDGs.<\/h3>\n<figure id=\"attachment_3366\" aria-describedby=\"caption-attachment-3366\" style=\"width: 300px\" class=\"wp-caption alignleft\"><img decoding=\"async\" loading=\"lazy\" class=\"wp-image-3366 size-medium\" src=\"https:\/\/pju-upj.org\/wp-content\/uploads\/2024\/08\/Screenshot_20240810_223626_WhatsApp3-1-300x285.jpg\" alt=\"Confederaci\u00f3n Dominicana de Judo, Condojudo, en el Dia Internacional de la Juventud 2024\" width=\"300\" height=\"285\" srcset=\"https:\/\/pju-upj.org\/wp-content\/uploads\/2024\/08\/Screenshot_20240810_223626_WhatsApp3-1-300x285.jpg 300w, https:\/\/pju-upj.org\/wp-content\/uploads\/2024\/08\/Screenshot_20240810_223626_WhatsApp3-1-768x730.jpg 768w, https:\/\/pju-upj.org\/wp-content\/uploads\/2024\/08\/Screenshot_20240810_223626_WhatsApp3-1-696x662.jpg 696w, https:\/\/pju-upj.org\/wp-content\/uploads\/2024\/08\/Screenshot_20240810_223626_WhatsApp3-1-442x420.jpg 442w, https:\/\/pju-upj.org\/wp-content\/uploads\/2024\/08\/Screenshot_20240810_223626_WhatsApp3-1.jpg 817w\" sizes=\"(max-width: 300px) 100vw, 300px\" \/><figcaption id=\"caption-attachment-3366\" class=\"wp-caption-text\"><strong>Confederaci\u00f3n Dominicana de Judo, Condojudo, en el Dia Internacional de la Juventud 2024<\/strong><\/figcaption><\/figure>\n<h3 style=\"text-align: justify;\">In our America we had the integration of the different National Federations on International Youth Day with intramural practices and competitions, poster and photo exhibitions, degree exams, refereeing clinics, among other important activities.<br \/>\nThe Executive Committee of the Panamerican Judo Union that coordinated the work of International Youth Day 2024 is made up of Jaime Casanova Mart\u00ednez \u2013 President <img decoding=\"async\" loading=\"lazy\" class=\" wp-image-3367 alignright\" src=\"https:\/\/pju-upj.org\/wp-content\/uploads\/2024\/08\/LOGO-UPJ-300x157.png\" alt=\"\" width=\"371\" height=\"194\" srcset=\"https:\/\/pju-upj.org\/wp-content\/uploads\/2024\/08\/LOGO-UPJ-300x157.png 300w, https:\/\/pju-upj.org\/wp-content\/uploads\/2024\/08\/LOGO-UPJ.png 453w\" sizes=\"(max-width: 371px) 100vw, 371px\" \/>(Dominican Republic), Elizabeth Thompson \u2013 Vice President (Chile), Juli\u00e1n Abreu Jim\u00e9nez \u2013 Secretary (United States), Edgar Claure Mayorga \u2013 Treasurer (Bolivia), Lizardo Suazo \u2013 Refereeing Director (Chile), and Galileo Paolo \u2013 Sports Director (Brazil).<\/h3>\n<h3 style=\"text-align: justify;\">Note: Activity of the National Judo Federation (Fenajudo), Chile.<\/h3>\n<h3 style=\"text-align: justify;\">Monday, August 12, 2024.-<\/h3>\n<p>&nbsp;<\/p>\n","protected":false},"excerpt":{"rendered":"<p>UNION PANAMERICANA DE JUDO CELEBRA EL DIA INTERNACIONAL DE LA JUVENTUD Santo Domingo, Republica Dominicana.- Diferentes Federaciones Nacionales afiliadas a la Uni\u00f3n Panamericana de Judo (UPJ) se unieron a las diferentes actividades en la celebraci\u00f3n del Dia Internacional de la Juventud 2024 como una fecha instituida por la Asamblea General de las Naciones Unidas un [&hellip;]<\/p>\n","protected":false},"author":2,"featured_media":3351,"comment_status":"closed","ping_status":"open","sticky":false,"template":"","format":"standard","meta":[],"categories":[2],"tags":[],"_links":{"self":[{"href":"https:\/\/pju-upj.org\/index.php?rest_route=\/wp\/v2\/posts\/3350"}],"collection":[{"href":"https:\/\/pju-upj.org\/index.php?rest_route=\/wp\/v2\/posts"}],"about":[{"href":"https:\/\/pju-upj.org\/index.php?rest_route=\/wp\/v2\/types\/post"}],"author":[{"embeddable":true,"href":"https:\/\/pju-upj.org\/index.php?rest_route=\/wp\/v2\/users\/2"}],"replies":[{"embeddable":true,"href":"https:\/\/pju-upj.org\/index.php?rest_route=%2Fwp%2Fv2%2Fcomments&post=3350"}],"version-history":[{"count":6,"href":"https:\/\/pju-upj.org\/index.php?rest_route=\/wp\/v2\/posts\/3350\/revisions"}],"predecessor-version":[{"id":3369,"href":"https:\/\/pju-upj.org\/index.php?rest_route=\/wp\/v2\/posts\/3350\/revisions\/3369"}],"wp:featuredmedia":[{"embeddable":true,"href":"https:\/\/pju-upj.org\/index.php?rest_route=\/wp\/v2\/media\/3351"}],"wp:attachment":[{"href":"https:\/\/pju-upj.org\/index.php?rest_route=%2Fwp%2Fv2%2Fmedia&parent=3350"}],"wp:term":[{"taxonomy":"category","embeddable":true,"href":"https:\/\/pju-upj.org\/index.php?rest_route=%2Fwp%2Fv2%2Fcategories&post=3350"},{"taxonomy":"post_tag","embeddable":true,"href":"https:\/\/pju-upj.org\/index.php?rest_route=%2Fwp%2Fv2%2Ftags&post=3350"}],"curies":[{"name":"wp","href":"https:\/\/api.w.org\/{rel}","templated":true}]}}