{"id":3257,"date":"2024-05-05T22:40:08","date_gmt":"2024-05-05T22:40:08","guid":{"rendered":"https:\/\/pju-upj.org\/?p=3257"},"modified":"2024-05-05T22:41:55","modified_gmt":"2024-05-05T22:41:55","slug":"x-dia-nacional-del-judo-en-la-republica-dominicana-2024-2024-x-national-judo-day-in-the-dominican-republic","status":"publish","type":"post","link":"https:\/\/pju-upj.org\/?p=3257","title":{"rendered":"X DIA NACIONAL DEL JUDO EN LA REPUBLICA DOMINICANA 2024 \/ 2024 X NATIONAL JUDO DAY IN THE DOMINICAN REPUBLIC"},"content":{"rendered":"<h1 class=\"post-title entry-title\" style=\"text-align: center;\"><a href=\"http:\/\/condojudo.blogspot.com\/2024\/05\/x-dia-nacional-del-judo-en-la-republica.html\">X DIA NACIONAL DEL JUDO EN LA REPUBLICA DOMINICANA 2024<\/a><\/h1>\n<h1 class=\"post-title entry-title\" style=\"text-align: center;\"><a href=\"http:\/\/condojudo.blogspot.com\/2024\/05\/x-dia-nacional-del-judo-en-la-republica.html\">2024 X NATIONAL JUDO DAY IN THE DOMINICAN REPUBLIC<\/a><\/h1>\n<div id=\"post-body-3545794607129993589\" class=\"post-body entry-content\">\n<div>\n<div class=\"separator\"><a href=\"https:\/\/blogger.googleusercontent.com\/img\/b\/R29vZ2xl\/AVvXsEhsh4VDLH-oKxMnJ6SrT6RhPC4eE48RMqIcFu1dRiyev4-6Rq0EK0Ns9cdh1s1PVIIv7-0Nsz8NLiU2c5Qw_8ilRDLxI5J1Atneu5rHyz7p9xVlpIE6n0M1wYjQ1gfXdZae18XsIkPaIoI-juEJ1MtdxxuhUl670Cv7qrPDJ9HTP2VfEsk_ntD3mzS2guaq\/s885\/Condojudo%20-%20Dia%20Nacional%20del%20Judo%202024%201.jpg\"><img decoding=\"async\" loading=\"lazy\" class=\"aligncenter\" src=\"https:\/\/blogger.googleusercontent.com\/img\/b\/R29vZ2xl\/AVvXsEhsh4VDLH-oKxMnJ6SrT6RhPC4eE48RMqIcFu1dRiyev4-6Rq0EK0Ns9cdh1s1PVIIv7-0Nsz8NLiU2c5Qw_8ilRDLxI5J1Atneu5rHyz7p9xVlpIE6n0M1wYjQ1gfXdZae18XsIkPaIoI-juEJ1MtdxxuhUl670Cv7qrPDJ9HTP2VfEsk_ntD3mzS2guaq\/w614-h186\/Condojudo%20-%20Dia%20Nacional%20del%20Judo%202024%201.jpg\" width=\"614\" height=\"186\" border=\"0\" data-original-height=\"267\" data-original-width=\"885\" \/><\/a><\/div>\n<p><b>\u00a0<\/b><\/p>\n<\/div>\n<div style=\"text-align: justify;\">\n<div class=\"separator\"><a href=\"https:\/\/blogger.googleusercontent.com\/img\/b\/R29vZ2xl\/AVvXsEgZo-w4dR5fVwxk9YxvbxYmEqSY4R-vkINQW9oEhDZgk3gT9Fxbfwc5sSSKsLEtD7pJhbl7C5t9jGQbMF4KKt6G_kf0umSvstJenz90GX3YI6HDQECajnTBTpKp8EH3c7uEsL24SVh0uK5E58u40B17Nfn7Vl2q9zKrclsHrf_rVRK3h1s7ZQWaBUw6MeR4\/s1348\/Condojudo%20-%20Dia%20Nacional%20del%20Judo%202024%202.jpg\"><img decoding=\"async\" loading=\"lazy\" class=\"alignleft\" src=\"https:\/\/blogger.googleusercontent.com\/img\/b\/R29vZ2xl\/AVvXsEgZo-w4dR5fVwxk9YxvbxYmEqSY4R-vkINQW9oEhDZgk3gT9Fxbfwc5sSSKsLEtD7pJhbl7C5t9jGQbMF4KKt6G_kf0umSvstJenz90GX3YI6HDQECajnTBTpKp8EH3c7uEsL24SVh0uK5E58u40B17Nfn7Vl2q9zKrclsHrf_rVRK3h1s7ZQWaBUw6MeR4\/w300-h457\/Condojudo%20-%20Dia%20Nacional%20del%20Judo%202024%202.jpg\" width=\"300\" height=\"457\" border=\"0\" data-original-height=\"1348\" data-original-width=\"886\" \/><\/a><\/div>\n<p><b>Santo Domingo, Republica Dominicana.-<\/b>\u00a0La realizaci\u00f3n de eventos competitivos intramuros, galer\u00eda con la exhibici\u00f3n de fotos y afiches, charlas sobre el origen de la disciplina, caminatas, en fin, diferentes actividades efectuadas por las entidades provinciales afiliadas a la Confederaci\u00f3n Dominicana de Judo, organizaci\u00f3n esta con car\u00e1cter deportivo a nivel nacional y que es conocida por las siglas de Condojudo, para la celebraci\u00f3n de este X Aniversario del Dia Nacional del Judo en la Republica Dominicana.<\/p>\n<\/div>\n<div style=\"text-align: justify;\">\n<p>Los miembros del Comit\u00e9 Ejecutivo de la Condojudo compuesto por Jos\u00e9 Rafael Suarez Morales, Percio Salvador Pujols Castillo, Juana Morban Peguero, Bol\u00edvar Abreu y Miguel Fatiol, quienes son presidente, vicepresidente, secretaria, tesorero y vocal respectivamente, se hicieron cargo de las actividades inherentes a esta celebraci\u00f3n.<\/p>\n<table class=\"tr-caption-container\" style=\"width: 45.6886%;\" cellspacing=\"0\" cellpadding=\"0\">\n<tbody>\n<tr>\n<td style=\"width: 100%;\"><a href=\"https:\/\/blogger.googleusercontent.com\/img\/b\/R29vZ2xl\/AVvXsEjYxdiMF7ib5bz0yuknU9yCyol3P6pUyflj0V6be4QPluJDi_JXpaDIGM1xRry8dCsmIqAgkBqhfHpE1ZntoAzEYHieKTxCa_bsJ-FDuxcyTAuDlya551IQsdj6Rrbf_H4QWi21cinCx7pj9Cf_0EOPm2vivYhY3jezkgKW1xFBP8EZkiRWMfbkxb7I9xQB\/s1173\/Condojudo%20-%20Dia%20Nacional%20del%20Judo%202024%203.jpg\"><img decoding=\"async\" loading=\"lazy\" class=\"alignleft\" src=\"https:\/\/blogger.googleusercontent.com\/img\/b\/R29vZ2xl\/AVvXsEjYxdiMF7ib5bz0yuknU9yCyol3P6pUyflj0V6be4QPluJDi_JXpaDIGM1xRry8dCsmIqAgkBqhfHpE1ZntoAzEYHieKTxCa_bsJ-FDuxcyTAuDlya551IQsdj6Rrbf_H4QWi21cinCx7pj9Cf_0EOPm2vivYhY3jezkgKW1xFBP8EZkiRWMfbkxb7I9xQB\/s320\/Condojudo%20-%20Dia%20Nacional%20del%20Judo%202024%203.jpg\" width=\"681\" height=\"741\" border=\"0\" data-original-height=\"1173\" data-original-width=\"1080\" \/><\/a><\/td>\n<\/tr>\n<tr>\n<td class=\"tr-caption\" style=\"width: 100%;\"><b>Comit\u00e9 Ejecutivo de Condojudo en el X Dia Nacional del Judo<\/b><\/td>\n<\/tr>\n<\/tbody>\n<\/table>\n<p>La Condojudo data su formaci\u00f3n desde el 5 de mayo 2010 bajo los principios del Judo Tradicional a la vez que esta afiliada a la Uni\u00f3n Panamericana de Judo (UPJ) y la World Judo Federation (WJF), entidades que promueven el Judo para Todos.<br \/>\nEs en ese contexto y siguiendo las ense\u00f1anzas del maestro Jigoro Kano, ilustre fil\u00e1ntropo japon\u00e9s y fundador de esta marcial disciplina en 1882, que la Condojudo realiza sus actividades en todo el pa\u00eds en diferentes \u00e1reas como el Curso de Arbitraje y Manejo de Eventos de Elite los d\u00edas 10 y 11 de febrero, as\u00ed mismo, los Campeonatos Nacionales por Equipos Mixtos el pasado 17 de marzo y los Campeonatos Nacionales Individuales en infantil, juvenil y adultos, femenino y masculino del pasado 28 de abril 2024, entre otras actividades.<\/p>\n<table class=\"tr-caption-container\" style=\"width: 49.569%;\" cellspacing=\"0\" cellpadding=\"0\">\n<tbody>\n<tr>\n<td style=\"width: 100%;\"><a href=\"https:\/\/blogger.googleusercontent.com\/img\/b\/R29vZ2xl\/AVvXsEhv4fix9thUrtwuaC5uPApURFdOpxDeRp4R9ReZeVf-hI4F1j0PO7NuZCY1aSSQiCq5DMzHSkHUkun4-DjfWep97dxk0W4btClyY8uq5sA9S9Mqnpdpxmwg66rnJG83Qy63lMBmb97rTXASofF5FwQjRt3If8K4muleKIEijmefyysX8zJW7zSwwHpWlGGn\/s609\/Condojudo%20-%20Grupo%20(1).jpg\"><img decoding=\"async\" loading=\"lazy\" class=\"alignleft\" src=\"https:\/\/blogger.googleusercontent.com\/img\/b\/R29vZ2xl\/AVvXsEhv4fix9thUrtwuaC5uPApURFdOpxDeRp4R9ReZeVf-hI4F1j0PO7NuZCY1aSSQiCq5DMzHSkHUkun4-DjfWep97dxk0W4btClyY8uq5sA9S9Mqnpdpxmwg66rnJG83Qy63lMBmb97rTXASofF5FwQjRt3If8K4muleKIEijmefyysX8zJW7zSwwHpWlGGn\/s320\/Condojudo%20-%20Grupo%20(1).jpg\" width=\"320\" height=\"240\" border=\"0\" data-original-height=\"457\" data-original-width=\"609\" \/><\/a><\/td>\n<\/tr>\n<tr>\n<td class=\"tr-caption\" style=\"width: 100%;\"><b>Curso Nacional de Arbitraje y<br \/>\nManejo de Eventos de Elite<\/b><\/td>\n<\/tr>\n<\/tbody>\n<\/table>\n<p>En ese orden la Condojudo se integro plenamente a la inauguraci\u00f3n del Club Proyecto el pasado 13 de enero, al Dia Internacional de la Mujer el 8 de marzo, el Dia Internacional del Deporte para el Desarrollo y la Paz el 6 de abril y Dia Mundial del Juego Limpio el 19 de abril, entre otras actividades.<br \/>\n\u00abNos sentimos muy complacidos con esta celebraci\u00f3n del Decimo<\/p>\n<table class=\"tr-caption-container\" style=\"width: 48.5632%; height: 225px;\" cellspacing=\"0\" cellpadding=\"0\">\n<tbody>\n<tr>\n<td><a href=\"https:\/\/blogger.googleusercontent.com\/img\/b\/R29vZ2xl\/AVvXsEj0-PW3tudEOHSkryylUO-ub1jzAMPJxqJHEeYAKkj2uKdJRQs6BLx-qTemOZWr4pHlVnambCWRvNnBFlTLXxZbd1mqnkA0T5CEE1yjSoT8t5fhRrNqHTdgOPYWTt4Q1YdB-Q94pP2Hc6jZtNDn0aOpz9oqcq_UZ82W2BkUtC4lNzQAHRTvmAHQjeUba4h7\/s802\/condojudo%20-%20Nacional%202024%202%20(1).PNG\"><img decoding=\"async\" loading=\"lazy\" class=\"alignleft\" src=\"https:\/\/blogger.googleusercontent.com\/img\/b\/R29vZ2xl\/AVvXsEj0-PW3tudEOHSkryylUO-ub1jzAMPJxqJHEeYAKkj2uKdJRQs6BLx-qTemOZWr4pHlVnambCWRvNnBFlTLXxZbd1mqnkA0T5CEE1yjSoT8t5fhRrNqHTdgOPYWTt4Q1YdB-Q94pP2Hc6jZtNDn0aOpz9oqcq_UZ82W2BkUtC4lNzQAHRTvmAHQjeUba4h7\/s320\/condojudo%20-%20Nacional%202024%202%20(1).PNG\" width=\"320\" height=\"158\" border=\"0\" data-original-height=\"396\" data-original-width=\"802\" \/><\/a><\/td>\n<\/tr>\n<tr>\n<td class=\"tr-caption\"><b>Combate en los Campeonatos Nacionales<\/b><\/td>\n<\/tr>\n<\/tbody>\n<\/table>\n<p>Dia Nacional del Judo en la Republica Dominicana de la mano de todas nuestras entidades nacionales afiliadas en un momento cuando estamos desarrollando el programa de actividades del presente a\u00f1o estrictamente y con excelentes resultados\u00bb, as\u00ed se expreso el licenciado Jos\u00e9 Rafael Suarez en su calidad de presidente de la Condojudo al referirse a la actividad.<\/p>\n<\/div>\n<div style=\"text-align: justify;\">5 mayo 2024.<br \/>\n_______________________________________________________________________<\/div>\n<div>\n<div style=\"text-align: justify;\"><b>Santo Domingo, Dominican Republic.-<\/b>\u00a0The holding of intramural competitive events, a gallery with the exhibition of photos and posters, talks about the origin of the discipline, walks, in short, different activities carried out by the provincial entities affiliated with the Dominican Judo Confederation , an organization with a national sports character and known by the acronym Condojudo, for the celebration of this 10th Anniversary of National Judo Day in the Dominican Republic.<br \/>\nThe members of the Executive Committee of the Condojudo composed of Jos\u00e9 Rafael Suarez Morales, Percio Salvador Pujols Castillo, Juana Morban Peguero, Bol\u00edvar Abreu and Miguel Fatiol, who are president, vice president, secretary, treasurer and member respectively, took charge of the inherent activities to this celebration.<br \/>\nCondojudo dates back to its formation on May 5, 2010 under the principles of Traditional Judo while being affiliated with the Panamerican Judo Union (PJU) and the World Judo Federation (WJF), entities that promote Judo for All.<br \/>\nIt is in this context and following the teachings of master Jigoro Kano, illustrious Japanese philanthropist and founder of this martial discipline in 1882, that Condojudo carries out its activities throughout the country in different areas such as the Arbitration and Elite Event Management Course on February 10 and 11, as well as the National Mixed Team Championships on March 17 and the National Individual Championships for children, youth and adults, women and men on April 28, 2024, among other activities.<br \/>\nIn that order, Condojudo fully participated in the inauguration of the Project Club on January 13, International Women&#8217;s Day on March 8, International Day of Sports for Development and Peace on April 6, and Fair Play True Day on April 19, among other activities.<br \/>\n\u00abWe are very pleased with this celebration of the Tenth National Judo Day in the Dominican Republic with the help of all our affiliated national entities at a time when we are developing this year&#8217;s program of activities strictly and with excellent results,\u00bb this is how it was expressed. Mr. Jos\u00e9 Rafael Suarez in his capacity as president of Condojudo when referring to the activity.<\/div>\n<p>&nbsp;<\/p>\n<div>\n<div>May 5, 2024.<\/div>\n<\/div>\n<\/div>\n<\/div>\n","protected":false},"excerpt":{"rendered":"<p>X DIA NACIONAL DEL JUDO EN LA REPUBLICA DOMINICANA 2024 2024 X NATIONAL JUDO DAY IN THE DOMINICAN REPUBLIC \u00a0 Santo Domingo, Republica Dominicana.-\u00a0La realizaci\u00f3n de eventos competitivos intramuros, galer\u00eda con la exhibici\u00f3n de fotos y afiches, charlas sobre el origen de la disciplina, caminatas, en fin, diferentes actividades efectuadas por las entidades provinciales afiliadas [&hellip;]<\/p>\n","protected":false},"author":2,"featured_media":3259,"comment_status":"closed","ping_status":"open","sticky":false,"template":"","format":"standard","meta":[],"categories":[2],"tags":[],"_links":{"self":[{"href":"https:\/\/pju-upj.org\/index.php?rest_route=\/wp\/v2\/posts\/3257"}],"collection":[{"href":"https:\/\/pju-upj.org\/index.php?rest_route=\/wp\/v2\/posts"}],"about":[{"href":"https:\/\/pju-upj.org\/index.php?rest_route=\/wp\/v2\/types\/post"}],"author":[{"embeddable":true,"href":"https:\/\/pju-upj.org\/index.php?rest_route=\/wp\/v2\/users\/2"}],"replies":[{"embeddable":true,"href":"https:\/\/pju-upj.org\/index.php?rest_route=%2Fwp%2Fv2%2Fcomments&post=3257"}],"version-history":[{"count":2,"href":"https:\/\/pju-upj.org\/index.php?rest_route=\/wp\/v2\/posts\/3257\/revisions"}],"predecessor-version":[{"id":3260,"href":"https:\/\/pju-upj.org\/index.php?rest_route=\/wp\/v2\/posts\/3257\/revisions\/3260"}],"wp:featuredmedia":[{"embeddable":true,"href":"https:\/\/pju-upj.org\/index.php?rest_route=\/wp\/v2\/media\/3259"}],"wp:attachment":[{"href":"https:\/\/pju-upj.org\/index.php?rest_route=%2Fwp%2Fv2%2Fmedia&parent=3257"}],"wp:term":[{"taxonomy":"category","embeddable":true,"href":"https:\/\/pju-upj.org\/index.php?rest_route=%2Fwp%2Fv2%2Fcategories&post=3257"},{"taxonomy":"post_tag","embeddable":true,"href":"https:\/\/pju-upj.org\/index.php?rest_route=%2Fwp%2Fv2%2Ftags&post=3257"}],"curies":[{"name":"wp","href":"https:\/\/api.w.org\/{rel}","templated":true}]}}