{"id":313,"date":"2017-12-15T15:29:06","date_gmt":"2017-12-15T15:29:06","guid":{"rendered":"http:\/\/pju.org\/?p=313"},"modified":"2017-12-15T15:29:06","modified_gmt":"2017-12-15T15:29:06","slug":"upj-es-reconocida-por-las-federaciones-nacionales-en-su-65-aniversario-2","status":"publish","type":"post","link":"https:\/\/pju-upj.org\/?p=313","title":{"rendered":"UPJ es reconocida por las Federaciones Nacionales en su 65 Aniversario"},"content":{"rendered":"<div id=\"yui_3_16_0_ym19_1_1512961383193_4982\" dir=\"ltr\"><b id=\"yiv6265546277yui_3_16_0_ym19_1_1513012516499_3931\">Boca Chica, Rep\u00fablica Dominicana.-\u00a0<\/b>\u201cEn nombre y en representaci\u00f3n del Comit\u00e9 Ejecutivo de la Uni\u00f3n Panamericana de Judo y sus Federaciones afiliadas recibo este reconocimiento a la labor de servicio de todos y cada uno de aquellos que han contribuido con la instituci\u00f3n\u201d, dijo de manera enf\u00e1tica el ingeniero Jaime Casanova al recibir la placa que le fue entregada por la se\u00f1ora Elizabeth Thompson, presidenta de la Federaci\u00f3n Chilena de Judo, como parte\u00a0final\u00a0del acto donde se resalto la\u00a0fruct\u00edfera\u00a0labor de\u00a0esta\u00a0entidad deportiva a nivel\u00a0continental.<\/div>\n<div id=\"yui_3_16_0_ym19_1_1512961383193_5070\" dir=\"ltr\">\n<div class=\"separator\"><\/div>\n<p>La actividad fue realizada en un reconocido hotel de esta demarcaci\u00f3n tur\u00edstica donde confluyeron atletas, entrenadores, \u00e1rbitros y dirigentes, entre otros para rememorar la vida de la entidad.<br \/>\nLuego de la presentaci\u00f3n de las autoridades se dio inicio con la interpretaci\u00f3n del himno nacional dominicano y de la Uni\u00f3n Panamericana de Judo para de inmediato el ingeniero Jaime Casanova Martinez, presidente del organismo, hacer un detallado recuento de la vida institucional de los 65 A\u00f1os desde su fundaci\u00f3n en La Habana 1952 haya la fecha.<\/p>\n<p><a href=\"https:\/\/4.bp.blogspot.com\/-lSDB-y84hQ8\/Wi7BKhipXAI\/AAAAAAAAE70\/wDOlZOhUV74h_WlnD4k3sAkVGWKMNN7BQCEwYBhgL\/s1600\/IMG_8102.JPG\"><img decoding=\"async\" loading=\"lazy\" src=\"https:\/\/4.bp.blogspot.com\/-lSDB-y84hQ8\/Wi7BKhipXAI\/AAAAAAAAE70\/wDOlZOhUV74h_WlnD4k3sAkVGWKMNN7BQCEwYBhgL\/s640\/IMG_8102.JPG\" width=\"640\" height=\"480\" border=\"0\" data-original-height=\"480\" data-original-width=\"640\" \/><\/a><\/p>\n<\/div>\n<div id=\"yui_3_16_0_ym19_1_1512961383193_4968\" dir=\"ltr\">La intervenci\u00f3n permiti\u00f3 detallar los logro a nivel Ol\u00edmpico, mundial, continental y regional pasando por nombrar a los diferentes presidentes, vida institucional y Sal\u00f3n de la Fama, entre los logros mas significativos.<\/p>\n<div class=\"separator\"><\/div>\n<div class=\"separator\"><a href=\"https:\/\/1.bp.blogspot.com\/-GnUGS7UHRPs\/Wi7B6h_aboI\/AAAAAAAAE8A\/WIu0so0E2tIe7ANBfrfH2CNS8Bnf-TMGQCLcBGAs\/s1600\/IMG_8159%2B%25282%2529.JPG\"><img decoding=\"async\" src=\"https:\/\/1.bp.blogspot.com\/-GnUGS7UHRPs\/Wi7B6h_aboI\/AAAAAAAAE8A\/WIu0so0E2tIe7ANBfrfH2CNS8Bnf-TMGQCLcBGAs\/s1600\/IMG_8159%2B%25282%2529.JPG\" border=\"0\" data-original-height=\"480\" data-original-width=\"640\" \/><\/a><\/div>\n<\/div>\n<div id=\"yui_3_16_0_ym19_1_1512961383193_4938\" dir=\"ltr\">Precisamente el Sal\u00f3n de la Fama del Judo Panamericano fue un tema donde los presentes mostraron marcado inter\u00e9s por las personalidades hasta la fecha exaltadas como Legna Verdecia, Daima Beltran Driulis Gonzalez, AnMaria de Mers, Natacha Hernandez, Hector Rodriguez, Aurelio Miguel, as\u00ed mismo, Carlos Catalano Calleja, Carlos de Lejarza, Radhames Torruella, entre muchos otros.<\/div>\n<div id=\"yui_3_16_0_ym19_1_1512961383193_4938\" dir=\"ltr\">\n<div><\/div>\n<div class=\"separator\"><a href=\"https:\/\/4.bp.blogspot.com\/-vwF4GkGoGu8\/Wi7CAqJQSRI\/AAAAAAAAE8I\/oq4E1eMrwCEHdH3sGwEcHaJzRSVL8Lj-ACEwYBhgL\/s1600\/IMG_8182.jpg\"><img decoding=\"async\" src=\"https:\/\/4.bp.blogspot.com\/-vwF4GkGoGu8\/Wi7CAqJQSRI\/AAAAAAAAE8I\/oq4E1eMrwCEHdH3sGwEcHaJzRSVL8Lj-ACEwYBhgL\/s1600\/IMG_8182.jpg\" border=\"0\" data-original-height=\"356\" data-original-width=\"640\" \/><\/a><\/div>\n<div class=\"separator\"><\/div>\n<div class=\"separator\">Casanova Martinez hizo\u00a0\u00e9nfasis\u00a0en a\u00a0realizaci\u00f3n\u00a0de los Circuitos Panamericanos de Judo tanto\u00a0en\u00a0infantil como juvenil y adultos lo que fue punto esencial para el desarrollo del judo panamericano en los\u00a0d\u00e9cadas\u00a0de los noventa y el inicio del presente siglo, Cursos\u00a0de\u00a0Entrenamiento,\u00a0Seminarios\u00a0de Arbitraje, entre otros.<\/div>\n<div class=\"separator\">Tuvo un punto muy especial la\u00a0recordaci\u00f3n\u00a0de aquellos fallecidos de manera especifica de Sergio\u00a0Bahi, Frank Fullerton, Serge Piquete, Ernst Laraque y \u00a0Miguel Abella.<\/div>\n<div class=\"separator\">Previo a la entrega de la placa de reconocimiento la se\u00f1ora Elizabeh Thompson de Chile y Alfred Cephise de Martinica, tuvieron palabras de elogio para los directivos de la Uni\u00f3n Panamericana de Judo en su largo discurrir del 65 Aniversario.<\/div>\n<div class=\"separator\">EL texto en cuesti\u00f3n reza de la siguiente manera:\u00a0<b>\u00abA la\u00a0Uni\u00f3n\u00a0Panamericana de Judo en sus\u00a065 a\u00f1os de servicio al desarrollo del Judo Panamericano, desde su\u00a0fundaci\u00f3n\u00a0en La Habana\u00a01952 hasta Santo Domingo 2017\u00bb<\/b><\/div>\n<div class=\"separator\"><b>\u00abLos resultados obtenidos a nivel\u00a0ol\u00edmpico, mundial, continental y regional son los testigos de\u00a0una\u00a0conducci\u00f3n\u00a0en favor de las grandes\u00a0mayor\u00edas\u00a0del Judo Panamericano\u00bb, termina\u00a0la cita.<\/b><\/div>\n<div class=\"separator\"><\/div>\n<div class=\"separator\">Boca Chica, Rep\u00fablica Dominicana, 9 diciembre 2017.-<\/div>\n<\/div>\n","protected":false},"excerpt":{"rendered":"<p>Boca Chica, Rep\u00fablica Dominicana.-\u00a0\u201cEn nombre y en representaci\u00f3n del Comit\u00e9 Ejecutivo de la Uni\u00f3n Panamericana de Judo y sus Federaciones afiliadas recibo este reconocimiento a la labor de servicio de todos y cada uno de aquellos que han contribuido con la instituci\u00f3n\u201d, dijo de manera enf\u00e1tica el ingeniero Jaime Casanova al recibir la placa que [&hellip;]<\/p>\n","protected":false},"author":1,"featured_media":314,"comment_status":"closed","ping_status":"open","sticky":false,"template":"","format":"standard","meta":[],"categories":[2,19],"tags":[],"_links":{"self":[{"href":"https:\/\/pju-upj.org\/index.php?rest_route=\/wp\/v2\/posts\/313"}],"collection":[{"href":"https:\/\/pju-upj.org\/index.php?rest_route=\/wp\/v2\/posts"}],"about":[{"href":"https:\/\/pju-upj.org\/index.php?rest_route=\/wp\/v2\/types\/post"}],"author":[{"embeddable":true,"href":"https:\/\/pju-upj.org\/index.php?rest_route=\/wp\/v2\/users\/1"}],"replies":[{"embeddable":true,"href":"https:\/\/pju-upj.org\/index.php?rest_route=%2Fwp%2Fv2%2Fcomments&post=313"}],"version-history":[{"count":1,"href":"https:\/\/pju-upj.org\/index.php?rest_route=\/wp\/v2\/posts\/313\/revisions"}],"predecessor-version":[{"id":315,"href":"https:\/\/pju-upj.org\/index.php?rest_route=\/wp\/v2\/posts\/313\/revisions\/315"}],"wp:featuredmedia":[{"embeddable":true,"href":"https:\/\/pju-upj.org\/index.php?rest_route=\/wp\/v2\/media\/314"}],"wp:attachment":[{"href":"https:\/\/pju-upj.org\/index.php?rest_route=%2Fwp%2Fv2%2Fmedia&parent=313"}],"wp:term":[{"taxonomy":"category","embeddable":true,"href":"https:\/\/pju-upj.org\/index.php?rest_route=%2Fwp%2Fv2%2Fcategories&post=313"},{"taxonomy":"post_tag","embeddable":true,"href":"https:\/\/pju-upj.org\/index.php?rest_route=%2Fwp%2Fv2%2Ftags&post=313"}],"curies":[{"name":"wp","href":"https:\/\/api.w.org\/{rel}","templated":true}]}}