{"id":3067,"date":"2023-12-11T16:40:45","date_gmt":"2023-12-11T16:40:45","guid":{"rendered":"https:\/\/pju-upj.org\/?p=3067"},"modified":"2023-12-11T16:46:30","modified_gmt":"2023-12-11T16:46:30","slug":"fenajudo-en-los-para-panamericanos-santiago-2023-fenajudo-in-the-parapanamericans-santiago-2023","status":"publish","type":"post","link":"https:\/\/pju-upj.org\/?p=3067","title":{"rendered":"FENAJUDO EN LOS PARA PANAMERICANOS SANTIAGO 2023 \/ FENAJUDO IN THE PARAPANAMERICANS SANTIAGO 2023"},"content":{"rendered":"<h3 style=\"text-align: justify;\"><strong><img decoding=\"async\" loading=\"lazy\" class=\" wp-image-3071 alignleft\" src=\"https:\/\/pju-upj.org\/wp-content\/uploads\/2023\/12\/Para-2-150x300.jpeg\" alt=\"\" width=\"228\" height=\"456\" srcset=\"https:\/\/pju-upj.org\/wp-content\/uploads\/2023\/12\/Para-2-150x300.jpeg 150w, https:\/\/pju-upj.org\/wp-content\/uploads\/2023\/12\/Para-2-512x1024.jpeg 512w, https:\/\/pju-upj.org\/wp-content\/uploads\/2023\/12\/Para-2-210x420.jpeg 210w, https:\/\/pju-upj.org\/wp-content\/uploads\/2023\/12\/Para-2.jpeg 640w\" sizes=\"(max-width: 228px) 100vw, 228px\" \/>PANAMERICANOS Y PARA PANAMERICANOS 2023<\/strong><\/h3>\n<p style=\"text-align: justify;\">SANTIAGO 2023<\/p>\n<p style=\"text-align: justify;\"><strong>Santiago de Chile, Chile.-<\/strong> Finalizados los Juegos Panamericanos y Para panamericanos 2023 realizados en Santiago de Chile Regi\u00f3n Metropolitana, por primera vez, con resultados excepcionales para el pa\u00eds Sede Chile, podemos afirmar que el standard de calidad fue de primera calidad. La vara ha quedado muy alta y las opiniones de los diferentes Team de Seleccionados de los pa\u00edses asistentes, fue de elogios a las diferentes \u00e1reas de trabajo, dependencias y tambi\u00e9n el apoyo log\u00edstico con el que contaron todas las delegaciones.<br \/>\n<img decoding=\"async\" loading=\"lazy\" class=\" wp-image-3072 alignright\" src=\"https:\/\/pju-upj.org\/wp-content\/uploads\/2023\/12\/Para-3-300x300.jpeg\" alt=\"\" width=\"265\" height=\"265\" srcset=\"https:\/\/pju-upj.org\/wp-content\/uploads\/2023\/12\/Para-3-300x300.jpeg 300w, https:\/\/pju-upj.org\/wp-content\/uploads\/2023\/12\/Para-3-150x150.jpeg 150w, https:\/\/pju-upj.org\/wp-content\/uploads\/2023\/12\/Para-3-696x696.jpeg 696w, https:\/\/pju-upj.org\/wp-content\/uploads\/2023\/12\/Para-3-420x420.jpeg 420w, https:\/\/pju-upj.org\/wp-content\/uploads\/2023\/12\/Para-3.jpeg 720w\" sizes=\"(max-width: 265px) 100vw, 265px\" \/>En relaci\u00f3n al Judo Paral\u00edmpico, Chile estuvo presente con un Team de Judo Paral\u00edmpico de primera calidad, constituido y conformado por atletas que lograron a trav\u00e9s de campeonatos pre selectivos, estar en la representaci\u00f3n de Chile, adem\u00e1s de un cuerpo T\u00e9cnico constituido por Francisco Sep\u00falveda T\u00e9cnico oficial a cargo de la Delegaci\u00f3n, Sensei Elizabeth Thompson Asistente T\u00e9cnico y Joaqu\u00edn Araya Asistente de Salud.<br \/>\n<img decoding=\"async\" loading=\"lazy\" class=\" wp-image-3073 alignleft\" src=\"https:\/\/pju-upj.org\/wp-content\/uploads\/2023\/12\/Para-4-300x300.jpeg\" alt=\"\" width=\"261\" height=\"261\" srcset=\"https:\/\/pju-upj.org\/wp-content\/uploads\/2023\/12\/Para-4-300x300.jpeg 300w, https:\/\/pju-upj.org\/wp-content\/uploads\/2023\/12\/Para-4-150x150.jpeg 150w, https:\/\/pju-upj.org\/wp-content\/uploads\/2023\/12\/Para-4-696x696.jpeg 696w, https:\/\/pju-upj.org\/wp-content\/uploads\/2023\/12\/Para-4-420x420.jpeg 420w, https:\/\/pju-upj.org\/wp-content\/uploads\/2023\/12\/Para-4.jpeg 720w\" sizes=\"(max-width: 261px) 100vw, 261px\" \/>De acuerdo a palabras de Sensei Elizabeth, \u00bb tuvimos la ocasi\u00f3n de enfrentarnos a Selecciones como Canad\u00e1, Estados Unidos, Brasil. Argentina, Cuba, Puerto Rico y Uruguay entre otras, que vienen desarrollando el Judo Inclusivo ya desde hace muchos a\u00f1os al lado de IBSA, lo que nos deja la convicci\u00f3n <img decoding=\"async\" loading=\"lazy\" class=\" wp-image-3074 alignright\" src=\"https:\/\/pju-upj.org\/wp-content\/uploads\/2023\/12\/Para-5-300x300.jpeg\" alt=\"\" width=\"265\" height=\"265\" srcset=\"https:\/\/pju-upj.org\/wp-content\/uploads\/2023\/12\/Para-5-300x300.jpeg 300w, https:\/\/pju-upj.org\/wp-content\/uploads\/2023\/12\/Para-5-150x150.jpeg 150w, https:\/\/pju-upj.org\/wp-content\/uploads\/2023\/12\/Para-5-696x696.jpeg 696w, https:\/\/pju-upj.org\/wp-content\/uploads\/2023\/12\/Para-5-420x420.jpeg 420w, https:\/\/pju-upj.org\/wp-content\/uploads\/2023\/12\/Para-5.jpeg 720w\" sizes=\"(max-width: 265px) 100vw, 265px\" \/>que vamos por muy buen camino, tenemos un arduo trabajo para desarrollar un Judo solido basado en la experiencia t\u00e9cnica y contamos ya con el apoyo gubernamental y de los organismos respectivos. Estamos muy contentos todo el Team y vivimos momentos que quedar\u00e1n grabados para todos en nuestra memoria, como maravillosos\u00bb. Los atletas, que hab\u00edan sido seleccionados en campeonatos selectivos realizados por Fenajudo Chile, <img decoding=\"async\" loading=\"lazy\" class=\" wp-image-3075 alignleft\" src=\"https:\/\/pju-upj.org\/wp-content\/uploads\/2023\/12\/Para-6-300x300.jpeg\" alt=\"\" width=\"273\" height=\"273\" srcset=\"https:\/\/pju-upj.org\/wp-content\/uploads\/2023\/12\/Para-6-300x300.jpeg 300w, https:\/\/pju-upj.org\/wp-content\/uploads\/2023\/12\/Para-6-150x150.jpeg 150w, https:\/\/pju-upj.org\/wp-content\/uploads\/2023\/12\/Para-6-696x696.jpeg 696w, https:\/\/pju-upj.org\/wp-content\/uploads\/2023\/12\/Para-6-420x420.jpeg 420w, https:\/\/pju-upj.org\/wp-content\/uploads\/2023\/12\/Para-6.jpeg 720w\" sizes=\"(max-width: 273px) 100vw, 273px\" \/>est\u00e1n ampliamente motivados para seguir elevando el nivel t\u00e9cnico y continuar su circuito\u201d.<br \/>\nLos atletas seleccionados y participantes fueron, Johann Herrera, Yabr\u00e1n Llanos, Francisca Almanza, Felipe Riquelme, Ricardo Parra, Estefan\u00eda Mart\u00ednez y Katherine Y\u00e1\u00f1ez, todos ellos con diferentes grados de discapacidad visual o total; ellos entrenan de manera regular en su Club Carmen Herrera \u00fanico Club de discapacidad visual perteneciente a la Comuna de San Ram\u00f3n.<br \/>\nTodo el Team de Judo Paral\u00edmpico Chile, se manifiesta agradecido de cada Municipio y Corporaciones comunales que les brindaron su apoyo.<br \/>\nEl lema acu\u00f1ado por Sensei Elizabeth Thompson integrante de Uni\u00f3n Panamericana de Judo desde hace d\u00e9cadas, es y ser\u00e1 \u00abSin miedo al \u00e9xito\u00bb&lt;<\/p>\n<h3 style=\"text-align: justify;\">________________________________________________________<br \/>\n<img decoding=\"async\" loading=\"lazy\" class=\" wp-image-3076 alignright\" src=\"https:\/\/pju-upj.org\/wp-content\/uploads\/2023\/12\/Para-7-300x300.jpeg\" alt=\"\" width=\"271\" height=\"271\" srcset=\"https:\/\/pju-upj.org\/wp-content\/uploads\/2023\/12\/Para-7-300x300.jpeg 300w, https:\/\/pju-upj.org\/wp-content\/uploads\/2023\/12\/Para-7-150x150.jpeg 150w, https:\/\/pju-upj.org\/wp-content\/uploads\/2023\/12\/Para-7-696x696.jpeg 696w, https:\/\/pju-upj.org\/wp-content\/uploads\/2023\/12\/Para-7-420x420.jpeg 420w, https:\/\/pju-upj.org\/wp-content\/uploads\/2023\/12\/Para-7.jpeg 720w\" sizes=\"(max-width: 271px) 100vw, 271px\" \/><strong>PAN AMERICAN AND PARAPAN AMERICAN 2023<\/strong><\/h3>\n<p style=\"text-align: justify;\">SANTIAGO 2023<\/p>\n<p style=\"text-align: justify;\">Santiago de Chile, Chile.- Once the 2023 Pan American and Para Pan American Games held in Santiago de Chile Metropolitan Region have finished, for the first time, with exceptional results for the <img decoding=\"async\" loading=\"lazy\" class=\" wp-image-3077 alignleft\" src=\"https:\/\/pju-upj.org\/wp-content\/uploads\/2023\/12\/Para-8-300x200.jpeg\" alt=\"\" width=\"275\" height=\"183\" srcset=\"https:\/\/pju-upj.org\/wp-content\/uploads\/2023\/12\/Para-8-300x200.jpeg 300w, https:\/\/pju-upj.org\/wp-content\/uploads\/2023\/12\/Para-8-696x463.jpeg 696w, https:\/\/pju-upj.org\/wp-content\/uploads\/2023\/12\/Para-8-631x420.jpeg 631w, https:\/\/pju-upj.org\/wp-content\/uploads\/2023\/12\/Para-8.jpeg 721w\" sizes=\"(max-width: 275px) 100vw, 275px\" \/>host country of Chile, we can affirm that the quality standard was of the highest quality. The bar has been set very high and <img decoding=\"async\" loading=\"lazy\" class=\"size-medium wp-image-3078 alignright\" src=\"https:\/\/pju-upj.org\/wp-content\/uploads\/2023\/12\/Para-9-300x200.jpeg\" alt=\"\" width=\"300\" height=\"200\" srcset=\"https:\/\/pju-upj.org\/wp-content\/uploads\/2023\/12\/Para-9-300x200.jpeg 300w, https:\/\/pju-upj.org\/wp-content\/uploads\/2023\/12\/Para-9-696x464.jpeg 696w, https:\/\/pju-upj.org\/wp-content\/uploads\/2023\/12\/Para-9-630x420.jpeg 630w, https:\/\/pju-upj.org\/wp-content\/uploads\/2023\/12\/Para-9.jpeg 720w\" sizes=\"(max-width: 300px) 100vw, 300px\" \/>the opinions of the different Selected Teams from the attending countries were full of praise for the different work areas, dependencies and also the logistical support that all the delegations had.<br \/>\nIn relation to Paralympic Judo, Chile was present <img decoding=\"async\" loading=\"lazy\" class=\"size-medium wp-image-3080 alignleft\" src=\"https:\/\/pju-upj.org\/wp-content\/uploads\/2023\/12\/Para-10-300x200.jpeg\" alt=\"\" width=\"300\" height=\"200\" srcset=\"https:\/\/pju-upj.org\/wp-content\/uploads\/2023\/12\/Para-10-300x200.jpeg 300w, https:\/\/pju-upj.org\/wp-content\/uploads\/2023\/12\/Para-10-696x464.jpeg 696w, https:\/\/pju-upj.org\/wp-content\/uploads\/2023\/12\/Para-10-630x420.jpeg 630w, https:\/\/pju-upj.org\/wp-content\/uploads\/2023\/12\/Para-10.jpeg 720w\" sizes=\"(max-width: 300px) 100vw, 300px\" \/>with a top quality Paralympic Judo Team, constituted and made up of athletes who achieved, through pre-selective championships, <img decoding=\"async\" loading=\"lazy\" class=\" wp-image-3081 alignright\" src=\"https:\/\/pju-upj.org\/wp-content\/uploads\/2023\/12\/Para-11-300x200.jpeg\" alt=\"\" width=\"291\" height=\"194\" srcset=\"https:\/\/pju-upj.org\/wp-content\/uploads\/2023\/12\/Para-11-300x200.jpeg 300w, https:\/\/pju-upj.org\/wp-content\/uploads\/2023\/12\/Para-11-696x464.jpeg 696w, https:\/\/pju-upj.org\/wp-content\/uploads\/2023\/12\/Para-11-630x420.jpeg 630w, https:\/\/pju-upj.org\/wp-content\/uploads\/2023\/12\/Para-11.jpeg 720w\" sizes=\"(max-width: 291px) 100vw, 291px\" \/>to be in the representation of Chile, in addition to a Technical body constituted by Francisco Sep\u00falveda T\u00e9cnico officer in charge of the Delegation, Sensei Elizabeth Thompson Technical Assistant and Joaqu\u00edn Araya Health Assistant.<br \/>\n<img decoding=\"async\" loading=\"lazy\" class=\"size-medium wp-image-3082 alignleft\" src=\"https:\/\/pju-upj.org\/wp-content\/uploads\/2023\/12\/Para-12-300x200.jpeg\" alt=\"\" width=\"300\" height=\"200\" srcset=\"https:\/\/pju-upj.org\/wp-content\/uploads\/2023\/12\/Para-12-300x200.jpeg 300w, https:\/\/pju-upj.org\/wp-content\/uploads\/2023\/12\/Para-12-696x464.jpeg 696w, https:\/\/pju-upj.org\/wp-content\/uploads\/2023\/12\/Para-12-630x420.jpeg 630w, https:\/\/pju-upj.org\/wp-content\/uploads\/2023\/12\/Para-12.jpeg 720w\" sizes=\"(max-width: 300px) 100vw, 300px\" \/>According to the words of Sensei Elizabeth, \u00abwe had the opportunity to face teams such as Canada, the United States, Brazil, Argentina, Cuba, Puerto Rico and Uruguay among others, who have been developing Inclusive Judo for <img decoding=\"async\" loading=\"lazy\" class=\"size-medium wp-image-3083 alignright\" src=\"https:\/\/pju-upj.org\/wp-content\/uploads\/2023\/12\/Para-13-300x205.jpeg\" alt=\"\" width=\"300\" height=\"205\" srcset=\"https:\/\/pju-upj.org\/wp-content\/uploads\/2023\/12\/Para-13-300x205.jpeg 300w, https:\/\/pju-upj.org\/wp-content\/uploads\/2023\/12\/Para-13-218x150.jpeg 218w, https:\/\/pju-upj.org\/wp-content\/uploads\/2023\/12\/Para-13-696x477.jpeg 696w, https:\/\/pju-upj.org\/wp-content\/uploads\/2023\/12\/Para-13-613x420.jpeg 613w, https:\/\/pju-upj.org\/wp-content\/uploads\/2023\/12\/Para-13.jpeg 720w\" sizes=\"(max-width: 300px) 100vw, 300px\" \/>many years alongside IBSA. , which leaves us with the conviction that we are on the right path, we have hard work to develop a solid Judo based on technical expertise and we already have the support of the government and the respective organizations. The entire Team is very happy and we live moments that will remain <img decoding=\"async\" loading=\"lazy\" class=\"size-medium wp-image-3084 alignleft\" src=\"https:\/\/pju-upj.org\/wp-content\/uploads\/2023\/12\/para-14-224x300.jpeg\" alt=\"\" width=\"224\" height=\"300\" srcset=\"https:\/\/pju-upj.org\/wp-content\/uploads\/2023\/12\/para-14-224x300.jpeg 224w, https:\/\/pju-upj.org\/wp-content\/uploads\/2023\/12\/para-14-696x932.jpeg 696w, https:\/\/pju-upj.org\/wp-content\/uploads\/2023\/12\/para-14-314x420.jpeg 314w, https:\/\/pju-upj.org\/wp-content\/uploads\/2023\/12\/para-14.jpeg 717w\" sizes=\"(max-width: 224px) 100vw, 224px\" \/>engraved for all of us in our memory, as wonderful. The athletes, who had been selected in selective championships held by Fenajudo Chile, are highly motivated to continue raising the technical level and continue their circuit.\u201d<br \/>\n<img decoding=\"async\" loading=\"lazy\" class=\" wp-image-3085 alignright\" src=\"https:\/\/pju-upj.org\/wp-content\/uploads\/2023\/12\/Para-15-300x111.jpeg\" alt=\"\" width=\"359\" height=\"133\" srcset=\"https:\/\/pju-upj.org\/wp-content\/uploads\/2023\/12\/Para-15-300x111.jpeg 300w, https:\/\/pju-upj.org\/wp-content\/uploads\/2023\/12\/Para-15.jpeg 369w\" sizes=\"(max-width: 359px) 100vw, 359px\" \/>The selected athletes and participants were Johann Herrera, Yabr\u00e1n Llanos, Francisca Almanza, Felipe Riquelme, Ricardo Parra, Estefan\u00eda Mart\u00ednez and Katherine Y\u00e1\u00f1ez, all of them with <img decoding=\"async\" loading=\"lazy\" class=\" wp-image-3086 alignright\" src=\"https:\/\/pju-upj.org\/wp-content\/uploads\/2023\/12\/Logo-Fenajudo-300x295.jpeg\" alt=\"\" width=\"252\" height=\"248\" srcset=\"https:\/\/pju-upj.org\/wp-content\/uploads\/2023\/12\/Logo-Fenajudo-300x295.jpeg 300w, https:\/\/pju-upj.org\/wp-content\/uploads\/2023\/12\/Logo-Fenajudo-1024x1008.jpeg 1024w, https:\/\/pju-upj.org\/wp-content\/uploads\/2023\/12\/Logo-Fenajudo-768x756.jpeg 768w, https:\/\/pju-upj.org\/wp-content\/uploads\/2023\/12\/Logo-Fenajudo-696x685.jpeg 696w, https:\/\/pju-upj.org\/wp-content\/uploads\/2023\/12\/Logo-Fenajudo-1068x1051.jpeg 1068w, https:\/\/pju-upj.org\/wp-content\/uploads\/2023\/12\/Logo-Fenajudo-427x420.jpeg 427w, https:\/\/pju-upj.org\/wp-content\/uploads\/2023\/12\/Logo-Fenajudo.jpeg 1080w\" sizes=\"(max-width: 252px) 100vw, 252px\" \/>different degrees of visual or total disability; They train regularly at their Club Carmen Herrera, the only visually impaired club belonging to the Commune of San Ram\u00f3n.<br \/>\nThe entire Chile Paralympic Judo Team is grateful to each Municipality and Community Corporations that gave them their support.<br \/>\nThe motto coined by Sensei Elizabeth Thompson, a member of the Pan American Judo Union for decades, is and will be \u00abWithout fear of success.\u00bb<\/p>\n","protected":false},"excerpt":{"rendered":"<p>PANAMERICANOS Y PARA PANAMERICANOS 2023 SANTIAGO 2023 Santiago de Chile, Chile.- Finalizados los Juegos Panamericanos y Para panamericanos 2023 realizados en Santiago de Chile Regi\u00f3n Metropolitana, por primera vez, con resultados excepcionales para el pa\u00eds Sede Chile, podemos afirmar que el standard de calidad fue de primera calidad. La vara ha quedado muy alta y [&hellip;]<\/p>\n","protected":false},"author":2,"featured_media":3070,"comment_status":"closed","ping_status":"open","sticky":false,"template":"","format":"standard","meta":[],"categories":[2],"tags":[],"_links":{"self":[{"href":"https:\/\/pju-upj.org\/index.php?rest_route=\/wp\/v2\/posts\/3067"}],"collection":[{"href":"https:\/\/pju-upj.org\/index.php?rest_route=\/wp\/v2\/posts"}],"about":[{"href":"https:\/\/pju-upj.org\/index.php?rest_route=\/wp\/v2\/types\/post"}],"author":[{"embeddable":true,"href":"https:\/\/pju-upj.org\/index.php?rest_route=\/wp\/v2\/users\/2"}],"replies":[{"embeddable":true,"href":"https:\/\/pju-upj.org\/index.php?rest_route=%2Fwp%2Fv2%2Fcomments&post=3067"}],"version-history":[{"count":3,"href":"https:\/\/pju-upj.org\/index.php?rest_route=\/wp\/v2\/posts\/3067\/revisions"}],"predecessor-version":[{"id":3087,"href":"https:\/\/pju-upj.org\/index.php?rest_route=\/wp\/v2\/posts\/3067\/revisions\/3087"}],"wp:featuredmedia":[{"embeddable":true,"href":"https:\/\/pju-upj.org\/index.php?rest_route=\/wp\/v2\/media\/3070"}],"wp:attachment":[{"href":"https:\/\/pju-upj.org\/index.php?rest_route=%2Fwp%2Fv2%2Fmedia&parent=3067"}],"wp:term":[{"taxonomy":"category","embeddable":true,"href":"https:\/\/pju-upj.org\/index.php?rest_route=%2Fwp%2Fv2%2Fcategories&post=3067"},{"taxonomy":"post_tag","embeddable":true,"href":"https:\/\/pju-upj.org\/index.php?rest_route=%2Fwp%2Fv2%2Ftags&post=3067"}],"curies":[{"name":"wp","href":"https:\/\/api.w.org\/{rel}","templated":true}]}}