{"id":2902,"date":"2023-05-25T02:05:36","date_gmt":"2023-05-25T02:05:36","guid":{"rendered":"https:\/\/pju-upj.org\/?p=2902"},"modified":"2023-05-25T02:19:11","modified_gmt":"2023-05-25T02:19:11","slug":"federacion-nacional-de-judo-de-chile-anuncia-la-copa-inclusion","status":"publish","type":"post","link":"https:\/\/pju-upj.org\/?p=2902","title":{"rendered":"FEDERACION NACIONAL DE JUDO DE CHILE ANUNCIA LA COPA INCLUSION"},"content":{"rendered":"<h2 style=\"text-align: center;\"><strong>CAMPEONATO DE JUDO COPA INCLUSION<\/strong><br \/>\nGimnasio Municiapal de Recoleta<br \/>\nSantiago de Chile, Chile<br \/>\n27 de mayo 2023<\/h2>\n<p><img decoding=\"async\" loading=\"lazy\" class=\"size-full wp-image-2789 alignleft\" src=\"https:\/\/pju-upj.org\/wp-content\/uploads\/2023\/01\/Logo-FENAJUDO.jpg\" alt=\"\" width=\"273\" height=\"296\" \/><\/p>\n<p><strong>Santiago de Chile, Chile.-<\/strong> La Federaci\u00f3n Nacional de Judo Chile (Fenajudo) anuncio la realizaci\u00f3n de la Copa Inclusi\u00f3n para este pr\u00f3ximo s\u00e1bado 27 de mayo 2023 en el Gimnasio Municipal de Recoleta en esta capital andina.<br \/>\nLa presidenta de la Fenajudo, Elizabeth Thompson, informo que las labores organizativas del evento ya han concluido satisfactoriamente de manera que el certamen atl\u00e9tico iniciara en el horario previsto y que cualquier necesidad de informaci\u00f3n pueden hacerla al correo electr\u00f3nico fenajudo@gmail.com.<\/p>\n","protected":false},"excerpt":{"rendered":"<p>CAMPEONATO DE JUDO COPA INCLUSION Gimnasio Municiapal de Recoleta Santiago de Chile, Chile 27 de mayo 2023 Santiago de Chile, Chile.- La Federaci\u00f3n Nacional de Judo Chile (Fenajudo) anuncio la realizaci\u00f3n de la Copa Inclusi\u00f3n para este pr\u00f3ximo s\u00e1bado 27 de mayo 2023 en el Gimnasio Municipal de Recoleta en esta capital andina. La presidenta [&hellip;]<\/p>\n","protected":false},"author":2,"featured_media":2903,"comment_status":"closed","ping_status":"open","sticky":false,"template":"","format":"standard","meta":[],"categories":[2],"tags":[],"_links":{"self":[{"href":"https:\/\/pju-upj.org\/index.php?rest_route=\/wp\/v2\/posts\/2902"}],"collection":[{"href":"https:\/\/pju-upj.org\/index.php?rest_route=\/wp\/v2\/posts"}],"about":[{"href":"https:\/\/pju-upj.org\/index.php?rest_route=\/wp\/v2\/types\/post"}],"author":[{"embeddable":true,"href":"https:\/\/pju-upj.org\/index.php?rest_route=\/wp\/v2\/users\/2"}],"replies":[{"embeddable":true,"href":"https:\/\/pju-upj.org\/index.php?rest_route=%2Fwp%2Fv2%2Fcomments&post=2902"}],"version-history":[{"count":1,"href":"https:\/\/pju-upj.org\/index.php?rest_route=\/wp\/v2\/posts\/2902\/revisions"}],"predecessor-version":[{"id":2904,"href":"https:\/\/pju-upj.org\/index.php?rest_route=\/wp\/v2\/posts\/2902\/revisions\/2904"}],"wp:featuredmedia":[{"embeddable":true,"href":"https:\/\/pju-upj.org\/index.php?rest_route=\/wp\/v2\/media\/2903"}],"wp:attachment":[{"href":"https:\/\/pju-upj.org\/index.php?rest_route=%2Fwp%2Fv2%2Fmedia&parent=2902"}],"wp:term":[{"taxonomy":"category","embeddable":true,"href":"https:\/\/pju-upj.org\/index.php?rest_route=%2Fwp%2Fv2%2Fcategories&post=2902"},{"taxonomy":"post_tag","embeddable":true,"href":"https:\/\/pju-upj.org\/index.php?rest_route=%2Fwp%2Fv2%2Ftags&post=2902"}],"curies":[{"name":"wp","href":"https:\/\/api.w.org\/{rel}","templated":true}]}}