{"id":2787,"date":"2023-01-23T23:23:27","date_gmt":"2023-01-23T23:23:27","guid":{"rendered":"https:\/\/pju-upj.org\/?p=2787"},"modified":"2023-01-23T23:28:28","modified_gmt":"2023-01-23T23:28:28","slug":"fenajudo-chile-define-sus-prioridades-2023-fenajudo-chile-defines-its-2023-priorities","status":"publish","type":"post","link":"https:\/\/pju-upj.org\/?p=2787","title":{"rendered":"FENAJUDO CHILE DEFINE SUS PRIORIDADES 2023 \/ FENAJUDO CHILE DEFINES ITS 2023 PRIORITIES"},"content":{"rendered":"<h3><strong>FENAJUDO CHILE DEFINE SUS PRIORIDADES 2023<\/strong><\/h3>\n<h2>Fenajudo Chile EL Judo Tradicional<\/h2>\n<h4><img decoding=\"async\" loading=\"lazy\" class=\" wp-image-2792 alignleft\" src=\"https:\/\/pju-upj.org\/wp-content\/uploads\/2023\/01\/Fenajudo-1-300x232.jpg\" alt=\"\" width=\"694\" height=\"537\" srcset=\"https:\/\/pju-upj.org\/wp-content\/uploads\/2023\/01\/Fenajudo-1-300x232.jpg 300w, https:\/\/pju-upj.org\/wp-content\/uploads\/2023\/01\/Fenajudo-1-1024x791.jpg 1024w, https:\/\/pju-upj.org\/wp-content\/uploads\/2023\/01\/Fenajudo-1-768x593.jpg 768w, https:\/\/pju-upj.org\/wp-content\/uploads\/2023\/01\/Fenajudo-1-1068x825.jpg 1068w, https:\/\/pju-upj.org\/wp-content\/uploads\/2023\/01\/Fenajudo-1-544x420.jpg 544w, https:\/\/pju-upj.org\/wp-content\/uploads\/2023\/01\/Fenajudo-1.jpg 1080w\" sizes=\"(max-width: 694px) 100vw, 694px\" \/>Santiago de Chile, Chile.- Este S\u00e1bado reci\u00e9n pasado 21 de Enero, siguiendo nuestro Calendario 2023, la convocatoria judoka estuvo dedicada a dos Clubes y Dojos amigos y hermanos de Judo.<br \/>\nClub y Dojo Pitagoras a cargo de Sensei Pablo Ignacio Rojas Peredo y nuestros amigos de Judo Paral\u00edmpico de Fenaddivi Discapacidad Visual Carmen Herrera a cargo de su T\u00e9cnico Katakana Sepulveda Francisco .<br \/>\n<img decoding=\"async\" loading=\"lazy\" class=\"size-medium wp-image-2794 alignleft\" src=\"https:\/\/pju-upj.org\/wp-content\/uploads\/2023\/01\/Fenajudo-2-1-298x300.jpg\" alt=\"\" width=\"298\" height=\"300\" srcset=\"https:\/\/pju-upj.org\/wp-content\/uploads\/2023\/01\/Fenajudo-2-1-298x300.jpg 298w, https:\/\/pju-upj.org\/wp-content\/uploads\/2023\/01\/Fenajudo-2-1-1017x1024.jpg 1017w, https:\/\/pju-upj.org\/wp-content\/uploads\/2023\/01\/Fenajudo-2-1-150x150.jpg 150w, https:\/\/pju-upj.org\/wp-content\/uploads\/2023\/01\/Fenajudo-2-1-768x773.jpg 768w, https:\/\/pju-upj.org\/wp-content\/uploads\/2023\/01\/Fenajudo-2-1-696x701.jpg 696w, https:\/\/pju-upj.org\/wp-content\/uploads\/2023\/01\/Fenajudo-2-1-1068x1075.jpg 1068w, https:\/\/pju-upj.org\/wp-content\/uploads\/2023\/01\/Fenajudo-2-1-417x420.jpg 417w, https:\/\/pju-upj.org\/wp-content\/uploads\/2023\/01\/Fenajudo-2-1.jpg 1080w\" sizes=\"(max-width: 298px) 100vw, 298px\" \/>Fue una maravillosa ma\u00f1ana de aprendizaje compartido, clases t\u00e9cnicas para aprender unos de otros, conocernos y generar contactos y futuros proyectos de judo finalizando con una muestra de Kodokan Goshin Jutsu con un alumno y tambi\u00e9n entre los profesores a cargo Sensei Lizardo Suazo y Sensei Elizabeth Thompson.<br \/>\nNuestra propuesta 2023 es Capacitaci\u00f3n, Seminarios y un par de Eventos con el aval de Jaime Casanova Martinez\u00a0 Uni\u00f3n Panamericana de Judo, y tambi\u00e9n aprendizaje de Katas para difusi\u00f3n del Judo en su aspecto Tradicional con KANO RYU International School<\/h4>\n<h4>JIKO NO KANSEI ser\u00e1 nuestro lema \u00e9ste a\u00f1o<\/h4>\n<h4>Gracias a nuestros afiliados por la confianza. \u00c9ste es nuestro proyecto.<\/h4>\n<p>_______________________________________________________________________<\/p>\n<h3>FENAJUDO CHILE DEFINES ITS 2023 PRIORITIES<\/h3>\n<h3><img decoding=\"async\" loading=\"lazy\" class=\"size-medium wp-image-2790 alignleft\" src=\"https:\/\/pju-upj.org\/wp-content\/uploads\/2023\/01\/Fenajudo-3-300x230.jpg\" alt=\"\" width=\"300\" height=\"230\" srcset=\"https:\/\/pju-upj.org\/wp-content\/uploads\/2023\/01\/Fenajudo-3-300x230.jpg 300w, https:\/\/pju-upj.org\/wp-content\/uploads\/2023\/01\/Fenajudo-3-1024x784.jpg 1024w, https:\/\/pju-upj.org\/wp-content\/uploads\/2023\/01\/Fenajudo-3-768x588.jpg 768w, https:\/\/pju-upj.org\/wp-content\/uploads\/2023\/01\/Fenajudo-3-80x60.jpg 80w, https:\/\/pju-upj.org\/wp-content\/uploads\/2023\/01\/Fenajudo-3-696x533.jpg 696w, https:\/\/pju-upj.org\/wp-content\/uploads\/2023\/01\/Fenajudo-3-1068x818.jpg 1068w, https:\/\/pju-upj.org\/wp-content\/uploads\/2023\/01\/Fenajudo-3-548x420.jpg 548w, https:\/\/pju-upj.org\/wp-content\/uploads\/2023\/01\/Fenajudo-3.jpg 1080w\" sizes=\"(max-width: 300px) 100vw, 300px\" \/>Fenajudo Chile Traditional Judo<br \/>\nSantiago de Chile, Chile.- This past Saturday, January 21, following our 2023 Calendar, the judoka call was dedicated to two Clubs and Dojos, friends and brothers of Judo.<br \/>\nClub and Dojo Pitagoras in charge of Sensei Pablo Ignacio Rojas Peredo and our friends from Paralympic Judo of Fenaddivi Visual Impairment Carmen Herrera in charge of her Katakana Technician Sepulveda Francisco.<br \/>\n<img decoding=\"async\" loading=\"lazy\" class=\"size-medium wp-image-2791 alignright\" src=\"https:\/\/pju-upj.org\/wp-content\/uploads\/2023\/01\/Fenajudo-4-300x226.jpg\" alt=\"\" width=\"300\" height=\"226\" srcset=\"https:\/\/pju-upj.org\/wp-content\/uploads\/2023\/01\/Fenajudo-4-300x226.jpg 300w, https:\/\/pju-upj.org\/wp-content\/uploads\/2023\/01\/Fenajudo-4-1024x773.jpg 1024w, https:\/\/pju-upj.org\/wp-content\/uploads\/2023\/01\/Fenajudo-4-768x580.jpg 768w, https:\/\/pju-upj.org\/wp-content\/uploads\/2023\/01\/Fenajudo-4-80x60.jpg 80w, https:\/\/pju-upj.org\/wp-content\/uploads\/2023\/01\/Fenajudo-4-696x525.jpg 696w, https:\/\/pju-upj.org\/wp-content\/uploads\/2023\/01\/Fenajudo-4-1068x806.jpg 1068w, https:\/\/pju-upj.org\/wp-content\/uploads\/2023\/01\/Fenajudo-4-557x420.jpg 557w, https:\/\/pju-upj.org\/wp-content\/uploads\/2023\/01\/Fenajudo-4.jpg 1080w\" sizes=\"(max-width: 300px) 100vw, 300px\" \/>It was a wonderful morning of shared learning, technical classes to learn from each other, get to know each other and generate contacts and future judo projects ending with a sample of Kodokan Goshin Jutsu with a student and also between the teachers in charge Sensei Lizardo Suazo and Sensei Elizabeth Thompson .<br \/>\nOur 2023 proposal is Training, Seminars and a couple of Events with the endorsement of Jaime Casanova Martinez Pan American Judo Union, and also learning Katas for the dissemination of Judo in its Traditional aspect with KANO RYU International School<br \/>\nJIKO NO KANSEI will be our motto this year<br \/>\nThanks to our affiliates for the trust. This is our project.<\/h3>\n","protected":false},"excerpt":{"rendered":"<p>FENAJUDO CHILE DEFINE SUS PRIORIDADES 2023 Fenajudo Chile EL Judo Tradicional Santiago de Chile, Chile.- Este S\u00e1bado reci\u00e9n pasado 21 de Enero, siguiendo nuestro Calendario 2023, la convocatoria judoka estuvo dedicada a dos Clubes y Dojos amigos y hermanos de Judo. Club y Dojo Pitagoras a cargo de Sensei Pablo Ignacio Rojas Peredo y nuestros [&hellip;]<\/p>\n","protected":false},"author":2,"featured_media":2789,"comment_status":"closed","ping_status":"open","sticky":false,"template":"","format":"standard","meta":[],"categories":[2],"tags":[],"_links":{"self":[{"href":"https:\/\/pju-upj.org\/index.php?rest_route=\/wp\/v2\/posts\/2787"}],"collection":[{"href":"https:\/\/pju-upj.org\/index.php?rest_route=\/wp\/v2\/posts"}],"about":[{"href":"https:\/\/pju-upj.org\/index.php?rest_route=\/wp\/v2\/types\/post"}],"author":[{"embeddable":true,"href":"https:\/\/pju-upj.org\/index.php?rest_route=\/wp\/v2\/users\/2"}],"replies":[{"embeddable":true,"href":"https:\/\/pju-upj.org\/index.php?rest_route=%2Fwp%2Fv2%2Fcomments&post=2787"}],"version-history":[{"count":3,"href":"https:\/\/pju-upj.org\/index.php?rest_route=\/wp\/v2\/posts\/2787\/revisions"}],"predecessor-version":[{"id":2796,"href":"https:\/\/pju-upj.org\/index.php?rest_route=\/wp\/v2\/posts\/2787\/revisions\/2796"}],"wp:featuredmedia":[{"embeddable":true,"href":"https:\/\/pju-upj.org\/index.php?rest_route=\/wp\/v2\/media\/2789"}],"wp:attachment":[{"href":"https:\/\/pju-upj.org\/index.php?rest_route=%2Fwp%2Fv2%2Fmedia&parent=2787"}],"wp:term":[{"taxonomy":"category","embeddable":true,"href":"https:\/\/pju-upj.org\/index.php?rest_route=%2Fwp%2Fv2%2Fcategories&post=2787"},{"taxonomy":"post_tag","embeddable":true,"href":"https:\/\/pju-upj.org\/index.php?rest_route=%2Fwp%2Fv2%2Ftags&post=2787"}],"curies":[{"name":"wp","href":"https:\/\/api.w.org\/{rel}","templated":true}]}}