{"id":2646,"date":"2022-12-07T02:34:43","date_gmt":"2022-12-07T02:34:43","guid":{"rendered":"http:\/\/pju-upj.org\/?p=2646"},"modified":"2022-12-07T02:59:11","modified_gmt":"2022-12-07T02:59:11","slug":"fallecio-el-profesor-de-judo-ronaldo-veitia-leyenda-del-deporte-cubano","status":"publish","type":"post","link":"https:\/\/pju-upj.org\/?p=2646","title":{"rendered":"Falleci\u00f3 el profesor de judo Ronaldo Veit\u00eda, leyenda del deporte cubano"},"content":{"rendered":"<h4><strong><img decoding=\"async\" loading=\"lazy\" class=\"size-medium wp-image-2386 alignleft\" src=\"https:\/\/pju-upj.org\/wp-content\/uploads\/2022\/06\/Logo-UPJ-300x157.png\" alt=\"\" width=\"300\" height=\"157\" srcset=\"https:\/\/pju-upj.org\/wp-content\/uploads\/2022\/06\/Logo-UPJ-300x157.png 300w, https:\/\/pju-upj.org\/wp-content\/uploads\/2022\/06\/Logo-UPJ.png 453w\" sizes=\"(max-width: 300px) 100vw, 300px\" \/>Ronaldo Veitia Valdivie fue un destacado entrenador del judo cubano quien logr\u00f3 posicionar esta disciplina al m\u00e1s alto nivel mundial y ol\u00edmpico el cual fue exaltado al Sal\u00f3n de la Fama del Judo Panamericano por la Uni\u00f3n Panamericana de Judo entidad bajo la cual logro parte de su exitosa carrera.<\/strong><br \/>\n<strong>As\u00ed la Uni\u00f3n Panamericana de Judo extiende sus m\u00e1s sentidas condolencias a sus familiares y por consiguiente al judo cubano.<\/strong><\/h4>\n<p>La Habana, 5 dic (RHC).- El prestigioso profesor Ronaldo Veit\u00eda, art\u00edfice de los triunfos del judo femenino cubano, falleci\u00f3 el lunes en La Habana a los 75 a\u00f1os de edad a causa de complicaciones asociadas a las enfermedades que padec\u00eda y se agravaron en los \u00faltimos meses.<\/p>\n<p>\u201cVeit\u00eda nos deja para siempre el recuerdo grato de las continuas y emotivas victorias del judo femenino cubano. Que su escuela no muera jam\u00e1s\u201d, escribi\u00f3 el su cuenta oficial en Twitter el presidente Miguel D\u00edaz-Canel al expresar sus condolencias a familiares y amigos.<\/p>\n<p>\u201cEn las \u00faltimas jornadas el estado de salud del destacado entrenador se hab\u00eda deteriorado, raz\u00f3n por la cual debi\u00f3 ser hospitalizado. Las complicaciones asociadas a su diabetes y el alto riesgo cardiovascular marcaron su gravedad hasta el fatal desenlace\u201d, se\u00f1al\u00f3 el diario digital Jit al dar a conocer la noticia de su muerte.<\/p>\n<p><img decoding=\"async\" loading=\"lazy\" class=\"alignnone wp-image-2647 size-full\" src=\"https:\/\/pju-upj.org\/wp-content\/uploads\/2022\/12\/unnamed.jpg\" alt=\"\" width=\"790\" height=\"400\" srcset=\"https:\/\/pju-upj.org\/wp-content\/uploads\/2022\/12\/unnamed.jpg 790w, https:\/\/pju-upj.org\/wp-content\/uploads\/2022\/12\/unnamed-300x152.jpg 300w, https:\/\/pju-upj.org\/wp-content\/uploads\/2022\/12\/unnamed-768x389.jpg 768w, https:\/\/pju-upj.org\/wp-content\/uploads\/2022\/12\/unnamed-696x352.jpg 696w\" sizes=\"(max-width: 790px) 100vw, 790px\" \/><\/p>\n<p>H\u00e9roe del trabajo de la Rep\u00fablica de Cuba y condecorado con la Orden al M\u00e9rito Deportivo, m\u00e1xima distinci\u00f3n que otorga el Consejo de Estado de la Rep\u00fablica de Cuba, Veit\u00eda dirigi\u00f3 por casi tres d\u00e9cadas el equipo femenino cubano de judo gui\u00e1ndolo alrededor de 55 medallas en campeonatos mundiales (16 de oro), 25 ol\u00edmpicas (5 de oro) y varias decenas en lides centro y panamericanas.<\/p>\n<p>Entre sus alumnas ilustres estuvieron las campeonas ol\u00edmpicas y mundiales Idalys Ortiz, Driulis Gonz\u00e1lez y Legna Verdecia y otras laureadas de la talla de Daima Beltr\u00e1n, Odalis Rev\u00e9, Estela Rodr\u00edguez y Sibelis Veranes.<\/p>\n<p>Bajo su mando, el equipo femenino cubano de judo se llev\u00f3 el primer lugar por pa\u00edses en los Juegos Ol\u00edmpicos de Sydney-2000, y en los campeonatos mundiales de Shiba-1995 y El Cairo-2008.<\/p>\n<p>\u201cFalleci\u00f3 el profesor Ronaldo Veit\u00eda Valdivi\u00e9, su contribuci\u00f3n a la grandeza del judo femenino cubano le asegura un lugar de honor en la historia del deporte. Compartimos el dolor con familiares y amigos con este patriota batallador y fiel a sus principios\u201d, escribi\u00f3 en twitter el presidente del Instituto de Deportes de Cuba, Osvaldo Vento.<\/p>\n<p>El profe pas\u00f3 al retiro en 2015 y luego se dedic\u00f3 a entrenar ni\u00f1os en el municipio habanero de El Cotorro, donde resid\u00eda.<\/p>\n<p>Despu\u00e9s de permanecer varias semanas internado en un hospital de Alicante, Espa\u00f1a, a causa de un accidente cerebrovascular, hab\u00eda regres\u00f3 el pasado 18 de octubre a Cuba por su propia voluntad.<\/p>\n","protected":false},"excerpt":{"rendered":"<p>Ronaldo Veitia Valdivie fue un destacado entrenador del judo cubano quien logr\u00f3 posicionar esta disciplina al m\u00e1s alto nivel mundial y ol\u00edmpico el cual fue exaltado al Sal\u00f3n de la Fama del Judo Panamericano por la Uni\u00f3n Panamericana de Judo entidad bajo la cual logro parte de su exitosa carrera. As\u00ed la Uni\u00f3n Panamericana de [&hellip;]<\/p>\n","protected":false},"author":1,"featured_media":2648,"comment_status":"closed","ping_status":"open","sticky":false,"template":"","format":"standard","meta":[],"categories":[2,19],"tags":[],"_links":{"self":[{"href":"https:\/\/pju-upj.org\/index.php?rest_route=\/wp\/v2\/posts\/2646"}],"collection":[{"href":"https:\/\/pju-upj.org\/index.php?rest_route=\/wp\/v2\/posts"}],"about":[{"href":"https:\/\/pju-upj.org\/index.php?rest_route=\/wp\/v2\/types\/post"}],"author":[{"embeddable":true,"href":"https:\/\/pju-upj.org\/index.php?rest_route=\/wp\/v2\/users\/1"}],"replies":[{"embeddable":true,"href":"https:\/\/pju-upj.org\/index.php?rest_route=%2Fwp%2Fv2%2Fcomments&post=2646"}],"version-history":[{"count":3,"href":"https:\/\/pju-upj.org\/index.php?rest_route=\/wp\/v2\/posts\/2646\/revisions"}],"predecessor-version":[{"id":2652,"href":"https:\/\/pju-upj.org\/index.php?rest_route=\/wp\/v2\/posts\/2646\/revisions\/2652"}],"wp:featuredmedia":[{"embeddable":true,"href":"https:\/\/pju-upj.org\/index.php?rest_route=\/wp\/v2\/media\/2648"}],"wp:attachment":[{"href":"https:\/\/pju-upj.org\/index.php?rest_route=%2Fwp%2Fv2%2Fmedia&parent=2646"}],"wp:term":[{"taxonomy":"category","embeddable":true,"href":"https:\/\/pju-upj.org\/index.php?rest_route=%2Fwp%2Fv2%2Fcategories&post=2646"},{"taxonomy":"post_tag","embeddable":true,"href":"https:\/\/pju-upj.org\/index.php?rest_route=%2Fwp%2Fv2%2Ftags&post=2646"}],"curies":[{"name":"wp","href":"https:\/\/api.w.org\/{rel}","templated":true}]}}