{"id":247,"date":"2017-11-26T16:20:04","date_gmt":"2017-11-26T16:20:04","guid":{"rendered":"http:\/\/pju.org\/?p=247"},"modified":"2017-11-26T20:21:25","modified_gmt":"2017-11-26T20:21:25","slug":"bach-putin-vizer-y-el-judo","status":"publish","type":"post","link":"https:\/\/pju-upj.org\/?p=247","title":{"rendered":"Bach, Putin, Vizer y el Judo"},"content":{"rendered":"<div class=\"content\">\n<div class=\"content-outer\">\n<div class=\"fauxborder-left content-fauxborder-left\">\n<div class=\"content-inner\">\n<div class=\"main-outer\">\n<div class=\"fauxborder-left main-fauxborder-left\">\n<div class=\"region-inner main-inner\">\n<div class=\"columns fauxcolumns\">\n<div class=\"columns-inner\">\n<div class=\"column-center-outer\">\n<div class=\"column-center-inner\">\n<div id=\"main\" class=\"main section\">\n<div id=\"Blog1\" class=\"widget Blog\" data-version=\"1\">\n<div class=\"blog-posts hfeed\">\n<div class=\"date-outer\">\n<div class=\"date-posts\">\n<div class=\"post-outer\">\n<div class=\"post hentry uncustomized-post-template\">\n<div id=\"post-body-1410615921893535238\" class=\"post-body entry-content\">\n<blockquote id=\"yui_3_16_0_ym19_1_1505272818385_4911\">\n<div id=\"yui_3_16_0_ym19_1_1505272818385_4910\">\n<blockquote id=\"yui_3_16_0_ym19_1_1505272818385_4915\">\n<div id=\"yui_3_16_0_ym19_1_1505272818385_4914\">\n<div>Acaban de finalizar los llamados \u00abCampeonatos Mundiales de Judo\u00bb donde el ilegitimo presidente de la Federaci\u00f3n Internacional de Judo (FIJ) bajo las leyes suizas, utiliz\u00f3 el evento para vender su figura en el escaparate de la ciudad de Budapest, Hungr\u00eda donde se desarroll\u00f3 el certamen.<\/div>\n<\/div>\n<\/blockquote>\n<\/div>\n<\/blockquote>\n<table class=\"tr-caption-container\" cellspacing=\"0\" cellpadding=\"0\">\n<tbody>\n<tr>\n<td><a href=\"https:\/\/1.bp.blogspot.com\/-A-xsywykB9Q\/WdawNfRxHAI\/AAAAAAAAE14\/TsPQk4E1MPYjYoCPTtMIDW28kkpxxU55QCLcBGAs\/s1600\/marius%2Bvizer.jpg\"><img decoding=\"async\" loading=\"lazy\" src=\"https:\/\/1.bp.blogspot.com\/-A-xsywykB9Q\/WdawNfRxHAI\/AAAAAAAAE14\/TsPQk4E1MPYjYoCPTtMIDW28kkpxxU55QCLcBGAs\/s200\/marius%2Bvizer.jpg\" width=\"200\" height=\"200\" border=\"0\" data-original-height=\"94\" data-original-width=\"94\" \/><\/a><\/td>\n<\/tr>\n<tr>\n<td class=\"tr-caption\"><b>Marius Vizer<\/b><\/td>\n<\/tr>\n<\/tbody>\n<\/table>\n<p>Seg\u00fan los medios informativos Marius Vizer logr\u00f3 una reelecci\u00f3n \u00abun\u00e1nime\u00bb al frente de la Federaci\u00f3n Internacional de Judo (FIJ) y los que conocen algo de estas lides deportivas sabe que solo dos situaciones se dan para lograr el apoyo total siendo ellas la pura democracia o la dictadura f\u00e9rrea.<\/p>\n<blockquote id=\"yui_3_16_0_ym19_1_1505272818385_4911\">\n<div id=\"yui_3_16_0_ym19_1_1505272818385_4910\">\n<blockquote id=\"yui_3_16_0_ym19_1_1505272818385_4915\">\n<div id=\"yui_3_16_0_ym19_1_1505272818385_4914\"><span id=\"yui_3_16_0_ym19_1_1505272818385_4957\"><\/span><span id=\"yui_3_16_0_ym19_1_1505272818385_4928\"><\/span><\/p>\n<div><span id=\"yui_3_16_0_ym19_1_1505272818385_4928\">La trayectoria de Marius Vizer es bien clara sobre el accionar dictatorial pues ha creado uniones continentales paralelas, ha desacatado los laudos del Tribunal Arbitral del Deporte (TAS\/CAS), formaci\u00f3n de varias federaciones nacionales en un mismo pa\u00eds, ha impuesto decisiones de arbitraje en eventos mundiales, ha intimidado a dirigentes con el fin de recabar su apoyo electoral y ha retenido fondos millonarios en d\u00f3lares violando el propio estatuto de la entidad que asalt\u00f3 para dirigirla, la Federaci\u00f3n Internacional de Judo; esto es democracia?<\/span><\/div>\n<p><span id=\"yui_3_16_0_ym19_1_1505272818385_4928\"><\/span><\/div>\n<\/blockquote>\n<\/div>\n<\/blockquote>\n<table class=\"tr-caption-container\" cellspacing=\"0\" cellpadding=\"0\">\n<tbody>\n<tr>\n<td><a href=\"https:\/\/3.bp.blogspot.com\/-_SOTLzN1_jI\/WdawYI8i8UI\/AAAAAAAAE18\/YZJBtbka--o2oYz-Gzg-huxsSvHkWktugCLcBGAs\/s1600\/Vladimir%2BPutin.jpg\"><img decoding=\"async\" loading=\"lazy\" src=\"https:\/\/3.bp.blogspot.com\/-_SOTLzN1_jI\/WdawYI8i8UI\/AAAAAAAAE18\/YZJBtbka--o2oYz-Gzg-huxsSvHkWktugCLcBGAs\/s200\/Vladimir%2BPutin.jpg\" width=\"200\" height=\"132\" border=\"0\" data-original-height=\"183\" data-original-width=\"275\" \/><\/a><\/td>\n<\/tr>\n<tr>\n<td class=\"tr-caption\"><b>Vladimir Putin<\/b><\/td>\n<\/tr>\n<\/tbody>\n<\/table>\n<blockquote id=\"yui_3_16_0_ym19_1_1505272818385_4911\">\n<div id=\"yui_3_16_0_ym19_1_1505272818385_4910\">\n<blockquote id=\"yui_3_16_0_ym19_1_1505272818385_4915\">\n<div id=\"yui_3_16_0_ym19_1_1505272818385_4914\">\n<div>Posterior a esta \u00abreelecci\u00f3n a unanimidad\u00bb, Vizer se agenci\u00f3 la visita del presidente de Rusia, Vladimir Putin, para la Ceremonia Inaugural y as\u00ed demostrar su \u00abamistad\u00bb con quien ha sido nombrado Presidente de Honor de la Federaci\u00f3n Internacional de Judo pasando por alto a otros de gran merecimiento en este deporte como es Yukimitsu Kano, nieto de Jigoro Kano fundador de este noble arte, Yasuhiro Yamashita, entre otros.<\/div>\n<\/div>\n<\/blockquote>\n<\/div>\n<\/blockquote>\n<table class=\"tr-caption-container\" cellspacing=\"0\" cellpadding=\"0\">\n<tbody>\n<tr>\n<td><a href=\"https:\/\/1.bp.blogspot.com\/-AYXLai512Pk\/Wdawh32AFEI\/AAAAAAAAE2A\/p9jNazgGvD4jQc2ZC1CtBa5WtPCPzGGRwCLcBGAs\/s1600\/Thomas%2BBach.jpg\"><img decoding=\"async\" loading=\"lazy\" src=\"https:\/\/1.bp.blogspot.com\/-AYXLai512Pk\/Wdawh32AFEI\/AAAAAAAAE2A\/p9jNazgGvD4jQc2ZC1CtBa5WtPCPzGGRwCLcBGAs\/s200\/Thomas%2BBach.jpg\" width=\"197\" height=\"200\" border=\"0\" data-original-height=\"226\" data-original-width=\"223\" \/><\/a><\/td>\n<\/tr>\n<tr>\n<td class=\"tr-caption\"><b>Thomas Bach<\/b><\/td>\n<\/tr>\n<\/tbody>\n<\/table>\n<p>Como colof\u00f3n en la clausura el presidente del Comit\u00e9 Ol\u00edmpico Internacional, Thomas Bach, hizo una visita a los escenarios de la Arena Deportiva Laszlo Pappl\u00a0donde las competencias por equipos\u00a0 mixtas estaban realiz\u00e1ndose por primera vez dado que ya son parte del Programa Oficial de los Juegos de la XXXII Olimpiada, Tokio 2020.<\/p>\n<blockquote id=\"yui_3_16_0_ym19_1_1505272818385_4911\">\n<div id=\"yui_3_16_0_ym19_1_1505272818385_4910\">\n<blockquote id=\"yui_3_16_0_ym19_1_1505272818385_4915\">\n<div id=\"yui_3_16_0_ym19_1_1505272818385_4914\">\n<div>Todo esto puede\u00a0haber\u00a0motivado el art\u00edculo de David Owen del pasado 6 de septiembre 2017 en Insidegames bajo el t\u00edtulo:\u00a0<b>Porque el exilio\u00a0ol\u00edmpico\u00a0de Marius\u00a0Vizer puede haber terminado?<\/b><\/div>\n<\/div>\n<\/blockquote>\n<\/div>\n<\/blockquote>\n<blockquote id=\"yui_3_16_0_ym19_1_1505272818385_4911\">\n<div id=\"yui_3_16_0_ym19_1_1505272818385_4910\">\n<blockquote id=\"yui_3_16_0_ym19_1_1505272818385_4919\">\n<div id=\"yui_3_16_0_ym19_1_1505272818385_4918\"><span id=\"yui_3_16_0_ym19_1_1505272818385_4917\">En el mismo se desmenuza ampliamente el exilio Ol\u00edmpico de Marius Vizer desde que en abril 2015 cuando fustigo, con mala educaci\u00f3n y falta de respeto, desde la posici\u00f3n de presidente de SportAccord al Comit\u00e9 Ol\u00edmpico Internacional y su presidente Thomas Bach. Posteriormente Vizer tuvo que renunciar a la presidencia de SportAccord pues las Federaciones Internacionales abandonaron la entidad que agrupa a los deportes ol\u00edmpicos y no ol\u00edmpicos\u00a0<\/span>retirando su membresia y el presidente de la\u00a0Asociaci\u00f3n\u00a0de\u00a0Comit\u00e9s\u00a0Ol\u00edmpicos\u00a0Nacionales,\u00a0ACNO, el jeque kuwaiti Ahmad Al-Fahad\u00a0Al-sabah, le\u00a0pidi\u00f3\u00a0que le\u00a0informara como el\u00a0repart\u00eda\u00a0el dinero tanto en la\u00a0Federaci\u00f3n\u00a0Internacional de Judo como en SportAccord<\/div>\n<\/blockquote>\n<\/div>\n<\/blockquote>\n<table class=\"tr-caption-container\" cellspacing=\"0\" cellpadding=\"0\">\n<tbody>\n<tr>\n<td><a href=\"https:\/\/1.bp.blogspot.com\/-S7t2a9qPPc4\/WdawrXsitOI\/AAAAAAAAE2E\/CYq5oB641i8H8v6j7hBdOmwMVQ_AdQbwACLcBGAs\/s1600\/Patrick%2BHickey.jpg\"><img decoding=\"async\" src=\"https:\/\/1.bp.blogspot.com\/-S7t2a9qPPc4\/WdawrXsitOI\/AAAAAAAAE2E\/CYq5oB641i8H8v6j7hBdOmwMVQ_AdQbwACLcBGAs\/s1600\/Patrick%2BHickey.jpg\" border=\"0\" data-original-height=\"174\" data-original-width=\"200\" \/><\/a><\/td>\n<\/tr>\n<tr>\n<td class=\"tr-caption\"><b>Patrick Hickey<\/b><\/td>\n<\/tr>\n<\/tbody>\n<\/table>\n<p>Otra sorpresa fue la presencia de Patrick Hickey en los escenarios de estos \u00abCampeonatos Mundiales\u00bb,<br \/>\npersonaje\u00a0que se vio obligado a renunciar a la membresia COI,\u00a0a la presidencia de los\u00a0Comit\u00e9s\u00a0Ol\u00edmpicos\u00a0Nacionales\u00a0de Europa, etc., al ser involucrado en la reventa de\u00a0entradas a los Juegos\u00a0Ol\u00edmpicos, Rio de Janeiro\u00a02016,\u00a0siendo arrestado y ahora\u00a0pendiente\u00a0de juicio.<br \/>\nSituaci\u00f3n\u00a0similar a los Juegos\u00a0Ol\u00edmpicos\u00a0de Barcelona 92 cuando el\u00a0miembro<br \/>\ndel\u00a0Comit\u00e9\u00a0Ol\u00edmpico\u00a0Internacional\u00a0representando\u00a0a\u00a0Panam\u00e1, Meliton Sanchez, fue arrestado por la\u00a0Guardia Civil espa\u00f1ola.<\/p>\n<blockquote id=\"yui_3_16_0_ym19_1_1505272818385_4911\">\n<div id=\"yui_3_16_0_ym19_1_1505272818385_4910\">\n<blockquote id=\"yui_3_16_0_ym19_1_1505272818385_4919\">\n<div id=\"yui_3_16_0_ym19_1_1505272818385_4918\">Toda esta alaraca\u00a0viene a justificarse en el af\u00e1n desmedido de Vizer para ser designado miembro del Comit\u00e9 Ol\u00edmpico Internacional como ya lo fue en su momento el coreano Yong Sung PARK en representaci\u00f3n de la Federaci\u00f3n Internacional de Judo.<\/div>\n<\/blockquote>\n<\/div>\n<\/blockquote>\n<blockquote id=\"yui_3_16_0_ym19_1_1505272818385_4911\">\n<div id=\"yui_3_16_0_ym19_1_1505272818385_4910\">\n<blockquote id=\"yui_3_16_0_ym19_1_1505272818385_4919\">\n<div id=\"yui_3_16_0_ym19_1_1505272818385_4918\">Lo m\u00e1s probable es que nunca lo consiga dado que para llegar a ser propuesto y aceptado como miembro COI debe pasar la evaluaci\u00f3n de diferentes comit\u00e9s y estamentos de ese organismo y el prontuario de Vizer no le hace merecedor de tan exquisita y elevada distinci\u00f3n pues no lejos queda el golpe de estado que efectu\u00f3 precisamente contra Yong Sung PARK y la extensi\u00f3n de un periodo frente a la Federaci\u00f3n<\/div>\n<\/blockquote>\n<\/div>\n<\/blockquote>\n<table class=\"tr-caption-container\" cellspacing=\"0\" cellpadding=\"0\">\n<tbody>\n<tr>\n<td><a href=\"https:\/\/4.bp.blogspot.com\/-b3yElbM0oRg\/WdaxoYVP5II\/AAAAAAAAE2Q\/fcmA8LUFkJYPUdi0n46Dg9gh9a0NYyu4gCLcBGAs\/s1600\/Carlos%2BNuzman.jpg\"><img decoding=\"async\" src=\"https:\/\/4.bp.blogspot.com\/-b3yElbM0oRg\/WdaxoYVP5II\/AAAAAAAAE2Q\/fcmA8LUFkJYPUdi0n46Dg9gh9a0NYyu4gCLcBGAs\/s1600\/Carlos%2BNuzman.jpg\" border=\"0\" data-original-height=\"126\" data-original-width=\"200\" \/><\/a><\/td>\n<\/tr>\n<tr>\n<td class=\"tr-caption\"><b>Carlos Nuzman<\/b><\/td>\n<\/tr>\n<\/tbody>\n<\/table>\n<p>Internacional de Judo\u00a0\u00a0de dos a seis a\u00f1os sin elecci\u00f3n alguna en base al manejo antidemocratico y dictatorial de un Congreso Ordinario en R\u00edo de Janeiro del 2007 precisamente con el apoyo de Carlos Nuzman, presidente del Comit\u00e9 Ol\u00edmpico de Brasil y hoy d\u00eda encausado y encarcelado por sobornos para obtener la sede de los pasados Juegos Ol\u00edmpicos 2016.<\/p>\n<blockquote id=\"yui_3_16_0_ym19_1_1505272818385_4911\">\n<div id=\"yui_3_16_0_ym19_1_1505272818385_4910\">\n<blockquote id=\"yui_3_16_0_ym19_1_1505272818385_4919\">\n<div id=\"yui_3_16_0_ym19_1_1505272818385_4918\">En este derrotero de 10 a\u00f1os al frente de la FIJ el se\u00f1or Marius Vizer ha realizado un gran trabajo en favor de sus pa\u00edses europeos sumiendo a los dem\u00e1s continentes en el ostracismo t\u00e9cnico deportivo.<\/div>\n<\/blockquote>\n<\/div>\n<\/blockquote>\n<blockquote id=\"yui_3_16_0_ym19_1_1505272818385_4911\">\n<div id=\"yui_3_16_0_ym19_1_1505272818385_4910\">\n<blockquote id=\"yui_3_16_0_ym19_1_1505272818385_4919\">\n<div id=\"yui_3_16_0_ym19_1_1505272818385_4918\">Los eventos de la FIJ\u00a0clasificatorios\u00a0de Juegos Ol\u00edmpicos en su mayor\u00eda se efect\u00faan en Europa lo que hace casi imposible que pa\u00edses de escasos recursos econ\u00f3micos de Am\u00e9rica, Ocean\u00eda, Asia y \u00c1frica puedan estar presentes pues las largas distancia, los costos de estad\u00eda y de participaci\u00f3n as\u00ed lo impiden.<\/div>\n<\/blockquote>\n<\/div>\n<\/blockquote>\n<blockquote id=\"yui_3_16_0_ym19_1_1505272818385_4911\">\n<div id=\"yui_3_16_0_ym19_1_1505272818385_4910\">\n<blockquote id=\"yui_3_16_0_ym19_1_1505272818385_4919\">\n<div id=\"yui_3_16_0_ym19_1_1505272818385_4918\">Por otro lado Vizer transfiri\u00f3 22 cupos ol\u00edmpicos de otros continentes a Europa d\u00e1ndole mayores oportunidades a los atletas de ese continente de conseguir la ansiada medalla ol\u00edmpica.<\/div>\n<\/blockquote>\n<\/div>\n<\/blockquote>\n<blockquote id=\"yui_3_16_0_ym19_1_1505272818385_4911\">\n<div id=\"yui_3_16_0_ym19_1_1505272818385_4910\">\n<blockquote id=\"yui_3_16_0_ym19_1_1505272818385_4919\">\n<div id=\"yui_3_16_0_ym19_1_1505272818385_4918\">Eso no es todo ya que de manera h\u00e1bil y bajo la premisa falsa de mayor participaci\u00f3n en los Campeonatos Mundiales aprobaron la inclusi\u00f3n de dos atletas en cada categor\u00eda de peso por Federaci\u00f3n Nacional donde los\u00a0pa\u00edses\u00a0de escasos recursos apenas y con esfuerzo desmedido pueden llevar uno en algunas divisiones de peso y no as\u00ed los pudientes que llevan dos para definitivamente quitar la oportunidad a los de menos poder adquisitivo; vaya democracia sin igualdad de condiciones!<\/div>\n<\/blockquote>\n<\/div>\n<\/blockquote>\n<blockquote id=\"yui_3_16_0_ym19_1_1505272818385_4911\">\n<div id=\"yui_3_16_0_ym19_1_1505272818385_4910\">\n<blockquote id=\"yui_3_16_0_ym19_1_1505272818385_4919\">\n<div id=\"yui_3_16_0_ym19_1_1505272818385_4918\">Veamos el cuadro final del pasado Campeonato Mundial de Budapest donde solo 23 paises lograron subir al podium<\/div>\n<\/blockquote>\n<\/div>\n<\/blockquote>\n<table border=\"1\" cellspacing=\"0\" cellpadding=\"3\" bgcolor=\"#84BEFF\">\n<tbody>\n<tr>\n<td><\/td>\n<td align=\"center\"><b>Nation<\/b><\/td>\n<td align=\"center\"><b>1stplace<\/b><\/td>\n<td align=\"center\"><b>2ndplace<\/b><\/td>\n<td align=\"center\"><b>3rdplace<\/b><\/td>\n<td align=\"center\"><b>5thplace<\/b><\/td>\n<td align=\"center\"><b>7thplace<\/b><\/td>\n<\/tr>\n<tr>\n<td align=\"right\" bgcolor=\"#84BEFF\">1.<\/td>\n<td align=\"center\" bgcolor=\"#84BEFF\"><a href=\"http:\/\/judolive01.lb.judobase.org\/www.judo-world.net\/ijf\/world\/wc_sen2017\/tta.php?tta_mode=&amp;aktion=teilnehmer&amp;nation=JPN&amp;geschlecht=&amp;sprache=english\"><img decoding=\"async\" src=\"http:\/\/judolive01.lb.judobase.org\/www.judo-world.net\/tta\/flags\/jpn_s.jpg\" border=\"0\" \/><\/a><\/td>\n<td bgcolor=\"#84BEFF\"><a href=\"http:\/\/judolive01.lb.judobase.org\/www.judo-world.net\/ijf\/world\/wc_sen2017\/tta.php?tta_mode=&amp;aktion=teilnehmer&amp;nation=JPN&amp;geschlecht=&amp;sprache=english\">Japan (JPN)<\/a><\/td>\n<td align=\"center\" bgcolor=\"#84BEFF\">7<\/td>\n<td align=\"center\" bgcolor=\"#99CAFF\">4<\/td>\n<td align=\"center\" bgcolor=\"#AED5FF\">1<\/td>\n<td align=\"center\" bgcolor=\"#C4E0FF\">1<\/td>\n<td align=\"center\" bgcolor=\"#D9EBFF\">0<\/td>\n<\/tr>\n<tr>\n<td align=\"right\" bgcolor=\"#6AB1FF\">2.<\/td>\n<td align=\"center\" bgcolor=\"#6AB1FF\"><a href=\"http:\/\/judolive01.lb.judobase.org\/www.judo-world.net\/ijf\/world\/wc_sen2017\/tta.php?tta_mode=&amp;aktion=teilnehmer&amp;nation=FRA&amp;geschlecht=&amp;sprache=english\"><img decoding=\"async\" src=\"http:\/\/judolive01.lb.judobase.org\/www.judo-world.net\/tta\/flags\/fra_s.jpg\" border=\"0\" \/><\/a><\/td>\n<td bgcolor=\"#6AB1FF\"><a href=\"http:\/\/judolive01.lb.judobase.org\/www.judo-world.net\/ijf\/world\/wc_sen2017\/tta.php?tta_mode=&amp;aktion=teilnehmer&amp;nation=FRA&amp;geschlecht=&amp;sprache=english\">France (FRA)<\/a><\/td>\n<td align=\"center\" bgcolor=\"#84BEFF\">2<\/td>\n<td align=\"center\" bgcolor=\"#99CAFF\">0<\/td>\n<td align=\"center\" bgcolor=\"#AED5FF\">1<\/td>\n<td align=\"center\" bgcolor=\"#C4E0FF\">1<\/td>\n<td align=\"center\" bgcolor=\"#D9EBFF\">4<\/td>\n<\/tr>\n<tr>\n<td align=\"right\" bgcolor=\"#84BEFF\">3.<\/td>\n<td align=\"center\" bgcolor=\"#84BEFF\"><a href=\"http:\/\/judolive01.lb.judobase.org\/www.judo-world.net\/ijf\/world\/wc_sen2017\/tta.php?tta_mode=&amp;aktion=teilnehmer&amp;nation=MGL&amp;geschlecht=&amp;sprache=english\"><img decoding=\"async\" src=\"http:\/\/judolive01.lb.judobase.org\/www.judo-world.net\/tta\/flags\/mgl_s.jpg\" border=\"0\" \/><\/a><\/td>\n<td bgcolor=\"#84BEFF\"><a href=\"http:\/\/judolive01.lb.judobase.org\/www.judo-world.net\/ijf\/world\/wc_sen2017\/tta.php?tta_mode=&amp;aktion=teilnehmer&amp;nation=MGL&amp;geschlecht=&amp;sprache=english\">Mongolia (MGL)<\/a><\/td>\n<td align=\"center\" bgcolor=\"#84BEFF\">1<\/td>\n<td align=\"center\" bgcolor=\"#99CAFF\">1<\/td>\n<td align=\"center\" bgcolor=\"#AED5FF\">4<\/td>\n<td align=\"center\" bgcolor=\"#C4E0FF\">1<\/td>\n<td align=\"center\" bgcolor=\"#D9EBFF\">1<\/td>\n<\/tr>\n<tr>\n<td align=\"right\" bgcolor=\"#6AB1FF\">4.<\/td>\n<td align=\"center\" bgcolor=\"#6AB1FF\"><a href=\"http:\/\/judolive01.lb.judobase.org\/www.judo-world.net\/ijf\/world\/wc_sen2017\/tta.php?tta_mode=&amp;aktion=teilnehmer&amp;nation=BRA&amp;geschlecht=&amp;sprache=english\"><img decoding=\"async\" src=\"http:\/\/judolive01.lb.judobase.org\/www.judo-world.net\/tta\/flags\/bra_s.jpg\" border=\"0\" \/><\/a><\/td>\n<td bgcolor=\"#6AB1FF\"><a href=\"http:\/\/judolive01.lb.judobase.org\/www.judo-world.net\/ijf\/world\/wc_sen2017\/tta.php?tta_mode=&amp;aktion=teilnehmer&amp;nation=BRA&amp;geschlecht=&amp;sprache=english\">Brazil (BRA)<\/a><\/td>\n<td align=\"center\" bgcolor=\"#84BEFF\">1<\/td>\n<td align=\"center\" bgcolor=\"#99CAFF\">1<\/td>\n<td align=\"center\" bgcolor=\"#AED5FF\">2<\/td>\n<td align=\"center\" bgcolor=\"#C4E0FF\">0<\/td>\n<td align=\"center\" bgcolor=\"#D9EBFF\">2<\/td>\n<\/tr>\n<tr>\n<td align=\"right\" bgcolor=\"#84BEFF\">5.<\/td>\n<td align=\"center\" bgcolor=\"#84BEFF\"><a href=\"http:\/\/judolive01.lb.judobase.org\/www.judo-world.net\/ijf\/world\/wc_sen2017\/tta.php?tta_mode=&amp;aktion=teilnehmer&amp;nation=SRB&amp;geschlecht=&amp;sprache=english\"><img decoding=\"async\" src=\"http:\/\/judolive01.lb.judobase.org\/www.judo-world.net\/tta\/flags\/srb_s.jpg\" border=\"0\" \/><\/a><\/td>\n<td bgcolor=\"#84BEFF\"><a href=\"http:\/\/judolive01.lb.judobase.org\/www.judo-world.net\/ijf\/world\/wc_sen2017\/tta.php?tta_mode=&amp;aktion=teilnehmer&amp;nation=SRB&amp;geschlecht=&amp;sprache=english\">Serbia (SRB)<\/a><\/td>\n<td align=\"center\" bgcolor=\"#84BEFF\">1<\/td>\n<td align=\"center\" bgcolor=\"#99CAFF\">0<\/td>\n<td align=\"center\" bgcolor=\"#AED5FF\">0<\/td>\n<td align=\"center\" bgcolor=\"#C4E0FF\">2<\/td>\n<td align=\"center\" bgcolor=\"#D9EBFF\">0<\/td>\n<\/tr>\n<tr>\n<td align=\"right\" bgcolor=\"#6AB1FF\">6.<\/td>\n<td align=\"center\" bgcolor=\"#6AB1FF\"><a href=\"http:\/\/judolive01.lb.judobase.org\/www.judo-world.net\/ijf\/world\/wc_sen2017\/tta.php?tta_mode=&amp;aktion=teilnehmer&amp;nation=CHN&amp;geschlecht=&amp;sprache=english\"><img decoding=\"async\" src=\"http:\/\/judolive01.lb.judobase.org\/www.judo-world.net\/tta\/flags\/chn_s.jpg\" border=\"0\" \/><\/a><\/td>\n<td bgcolor=\"#6AB1FF\"><a href=\"http:\/\/judolive01.lb.judobase.org\/www.judo-world.net\/ijf\/world\/wc_sen2017\/tta.php?tta_mode=&amp;aktion=teilnehmer&amp;nation=CHN&amp;geschlecht=&amp;sprache=english\">China (CHN)<\/a><\/td>\n<td align=\"center\" bgcolor=\"#84BEFF\">1<\/td>\n<td align=\"center\" bgcolor=\"#99CAFF\">0<\/td>\n<td align=\"center\" bgcolor=\"#AED5FF\">0<\/td>\n<td align=\"center\" bgcolor=\"#C4E0FF\">1<\/td>\n<td align=\"center\" bgcolor=\"#D9EBFF\">1<\/td>\n<\/tr>\n<tr>\n<td align=\"right\" bgcolor=\"#84BEFF\">7.<\/td>\n<td align=\"center\" bgcolor=\"#84BEFF\"><a href=\"http:\/\/judolive01.lb.judobase.org\/www.judo-world.net\/ijf\/world\/wc_sen2017\/tta.php?tta_mode=&amp;aktion=teilnehmer&amp;nation=GER&amp;geschlecht=&amp;sprache=english\"><img decoding=\"async\" src=\"http:\/\/judolive01.lb.judobase.org\/www.judo-world.net\/tta\/flags\/ger_s.jpg\" border=\"0\" \/><\/a><\/td>\n<td bgcolor=\"#84BEFF\"><a href=\"http:\/\/judolive01.lb.judobase.org\/www.judo-world.net\/ijf\/world\/wc_sen2017\/tta.php?tta_mode=&amp;aktion=teilnehmer&amp;nation=GER&amp;geschlecht=&amp;sprache=english\">Germany (GER)<\/a><\/td>\n<td align=\"center\" bgcolor=\"#84BEFF\">1<\/td>\n<td align=\"center\" bgcolor=\"#99CAFF\">0<\/td>\n<td align=\"center\" bgcolor=\"#AED5FF\">0<\/td>\n<td align=\"center\" bgcolor=\"#C4E0FF\">1<\/td>\n<td align=\"center\" bgcolor=\"#D9EBFF\">0<\/td>\n<\/tr>\n<tr>\n<td align=\"right\" bgcolor=\"#6AB1FF\">8.<\/td>\n<td align=\"center\" bgcolor=\"#6AB1FF\"><a href=\"http:\/\/judolive01.lb.judobase.org\/www.judo-world.net\/ijf\/world\/wc_sen2017\/tta.php?tta_mode=&amp;aktion=teilnehmer&amp;nation=AZE&amp;geschlecht=&amp;sprache=english\"><img decoding=\"async\" src=\"http:\/\/judolive01.lb.judobase.org\/www.judo-world.net\/tta\/flags\/aze_s.jpg\" border=\"0\" \/><\/a><\/td>\n<td bgcolor=\"#6AB1FF\"><a href=\"http:\/\/judolive01.lb.judobase.org\/www.judo-world.net\/ijf\/world\/wc_sen2017\/tta.php?tta_mode=&amp;aktion=teilnehmer&amp;nation=AZE&amp;geschlecht=&amp;sprache=english\">Azerbaijan (AZE)<\/a><\/td>\n<td align=\"center\" bgcolor=\"#84BEFF\">0<\/td>\n<td align=\"center\" bgcolor=\"#99CAFF\">2<\/td>\n<td align=\"center\" bgcolor=\"#AED5FF\">2<\/td>\n<td align=\"center\" bgcolor=\"#C4E0FF\">2<\/td>\n<td align=\"center\" bgcolor=\"#D9EBFF\">1<\/td>\n<\/tr>\n<tr>\n<td align=\"right\" bgcolor=\"#84BEFF\">9.<\/td>\n<td align=\"center\" bgcolor=\"#84BEFF\"><a href=\"http:\/\/judolive01.lb.judobase.org\/www.judo-world.net\/ijf\/world\/wc_sen2017\/tta.php?tta_mode=&amp;aktion=teilnehmer&amp;nation=SLO&amp;geschlecht=&amp;sprache=english\"><img decoding=\"async\" src=\"http:\/\/judolive01.lb.judobase.org\/www.judo-world.net\/tta\/flags\/slo_s.jpg\" border=\"0\" \/><\/a><\/td>\n<td bgcolor=\"#84BEFF\"><a href=\"http:\/\/judolive01.lb.judobase.org\/www.judo-world.net\/ijf\/world\/wc_sen2017\/tta.php?tta_mode=&amp;aktion=teilnehmer&amp;nation=SLO&amp;geschlecht=&amp;sprache=english\">Slovenia (SLO)<\/a><\/td>\n<td align=\"center\" bgcolor=\"#84BEFF\">0<\/td>\n<td align=\"center\" bgcolor=\"#99CAFF\">2<\/td>\n<td align=\"center\" bgcolor=\"#AED5FF\">0<\/td>\n<td align=\"center\" bgcolor=\"#C4E0FF\">0<\/td>\n<td align=\"center\" bgcolor=\"#D9EBFF\">0<\/td>\n<\/tr>\n<tr>\n<td align=\"right\" bgcolor=\"#6AB1FF\">10.<\/td>\n<td align=\"center\" bgcolor=\"#6AB1FF\"><a href=\"http:\/\/judolive01.lb.judobase.org\/www.judo-world.net\/ijf\/world\/wc_sen2017\/tta.php?tta_mode=&amp;aktion=teilnehmer&amp;nation=RUS&amp;geschlecht=&amp;sprache=english\"><img decoding=\"async\" src=\"http:\/\/judolive01.lb.judobase.org\/www.judo-world.net\/tta\/flags\/rus_s.jpg\" border=\"0\" \/><\/a><\/td>\n<td bgcolor=\"#6AB1FF\"><a href=\"http:\/\/judolive01.lb.judobase.org\/www.judo-world.net\/ijf\/world\/wc_sen2017\/tta.php?tta_mode=&amp;aktion=teilnehmer&amp;nation=RUS&amp;geschlecht=&amp;sprache=english\">Russia (RUS)<\/a><\/td>\n<td align=\"center\" bgcolor=\"#84BEFF\">0<\/td>\n<td align=\"center\" bgcolor=\"#99CAFF\">1<\/td>\n<td align=\"center\" bgcolor=\"#AED5FF\">3<\/td>\n<td align=\"center\" bgcolor=\"#C4E0FF\">1<\/td>\n<td align=\"center\" bgcolor=\"#D9EBFF\">2<\/td>\n<\/tr>\n<tr>\n<td align=\"right\" bgcolor=\"#84BEFF\">11.<\/td>\n<td align=\"center\" bgcolor=\"#84BEFF\"><a href=\"http:\/\/judolive01.lb.judobase.org\/www.judo-world.net\/ijf\/world\/wc_sen2017\/tta.php?tta_mode=&amp;aktion=teilnehmer&amp;nation=GEO&amp;geschlecht=&amp;sprache=english\"><img decoding=\"async\" src=\"http:\/\/judolive01.lb.judobase.org\/www.judo-world.net\/tta\/flags\/geo_s.jpg\" border=\"0\" \/><\/a><\/td>\n<td bgcolor=\"#84BEFF\"><a href=\"http:\/\/judolive01.lb.judobase.org\/www.judo-world.net\/ijf\/world\/wc_sen2017\/tta.php?tta_mode=&amp;aktion=teilnehmer&amp;nation=GEO&amp;geschlecht=&amp;sprache=english\">Georgia (GEO)<\/a><\/td>\n<td align=\"center\" bgcolor=\"#84BEFF\">0<\/td>\n<td align=\"center\" bgcolor=\"#99CAFF\">1<\/td>\n<td align=\"center\" bgcolor=\"#AED5FF\">2<\/td>\n<td align=\"center\" bgcolor=\"#C4E0FF\">2<\/td>\n<td align=\"center\" bgcolor=\"#D9EBFF\">1<\/td>\n<\/tr>\n<tr>\n<td align=\"right\" bgcolor=\"#6AB1FF\">12.<\/td>\n<td align=\"center\" bgcolor=\"#6AB1FF\"><a href=\"http:\/\/judolive01.lb.judobase.org\/www.judo-world.net\/ijf\/world\/wc_sen2017\/tta.php?tta_mode=&amp;aktion=teilnehmer&amp;nation=ITA&amp;geschlecht=&amp;sprache=english\"><img decoding=\"async\" src=\"http:\/\/judolive01.lb.judobase.org\/www.judo-world.net\/tta\/flags\/ita_s.jpg\" border=\"0\" \/><\/a><\/td>\n<td bgcolor=\"#6AB1FF\"><a href=\"http:\/\/judolive01.lb.judobase.org\/www.judo-world.net\/ijf\/world\/wc_sen2017\/tta.php?tta_mode=&amp;aktion=teilnehmer&amp;nation=ITA&amp;geschlecht=&amp;sprache=english\">Italy (ITA)<\/a><\/td>\n<td align=\"center\" bgcolor=\"#84BEFF\">0<\/td>\n<td align=\"center\" bgcolor=\"#99CAFF\">1<\/td>\n<td align=\"center\" bgcolor=\"#AED5FF\">0<\/td>\n<td align=\"center\" bgcolor=\"#C4E0FF\">0<\/td>\n<td align=\"center\" bgcolor=\"#D9EBFF\">1<\/td>\n<\/tr>\n<tr>\n<td align=\"right\" bgcolor=\"#84BEFF\">13.<\/td>\n<td align=\"center\" bgcolor=\"#84BEFF\"><a href=\"http:\/\/judolive01.lb.judobase.org\/www.judo-world.net\/ijf\/world\/wc_sen2017\/tta.php?tta_mode=&amp;aktion=teilnehmer&amp;nation=PUR&amp;geschlecht=&amp;sprache=english\"><img decoding=\"async\" src=\"http:\/\/judolive01.lb.judobase.org\/www.judo-world.net\/tta\/flags\/pur_s.jpg\" border=\"0\" \/><\/a><\/td>\n<td bgcolor=\"#84BEFF\"><a href=\"http:\/\/judolive01.lb.judobase.org\/www.judo-world.net\/ijf\/world\/wc_sen2017\/tta.php?tta_mode=&amp;aktion=teilnehmer&amp;nation=PUR&amp;geschlecht=&amp;sprache=english\">Puerto Rico (PUR)<\/a><\/td>\n<td align=\"center\" bgcolor=\"#84BEFF\">0<\/td>\n<td align=\"center\" bgcolor=\"#99CAFF\">1<\/td>\n<td align=\"center\" bgcolor=\"#AED5FF\">0<\/td>\n<td align=\"center\" bgcolor=\"#C4E0FF\">0<\/td>\n<td align=\"center\" bgcolor=\"#D9EBFF\">0<\/td>\n<\/tr>\n<tr>\n<td align=\"right\" bgcolor=\"#6AB1FF\">14.<\/td>\n<td align=\"center\" bgcolor=\"#6AB1FF\"><a href=\"http:\/\/judolive01.lb.judobase.org\/www.judo-world.net\/ijf\/world\/wc_sen2017\/tta.php?tta_mode=&amp;aktion=teilnehmer&amp;nation=KOR&amp;geschlecht=&amp;sprache=english\"><img decoding=\"async\" src=\"http:\/\/judolive01.lb.judobase.org\/www.judo-world.net\/tta\/flags\/kor_s.jpg\" border=\"0\" \/><\/a><\/td>\n<td bgcolor=\"#6AB1FF\"><a href=\"http:\/\/judolive01.lb.judobase.org\/www.judo-world.net\/ijf\/world\/wc_sen2017\/tta.php?tta_mode=&amp;aktion=teilnehmer&amp;nation=KOR&amp;geschlecht=&amp;sprache=english\">Korea, South (KOR)<\/a><\/td>\n<td align=\"center\" bgcolor=\"#84BEFF\">0<\/td>\n<td align=\"center\" bgcolor=\"#99CAFF\">0<\/td>\n<td align=\"center\" bgcolor=\"#AED5FF\">3<\/td>\n<td align=\"center\" bgcolor=\"#C4E0FF\">1<\/td>\n<td align=\"center\" bgcolor=\"#D9EBFF\">2<\/td>\n<\/tr>\n<tr>\n<td align=\"right\" bgcolor=\"#84BEFF\">15.<\/td>\n<td align=\"center\" bgcolor=\"#84BEFF\"><a href=\"http:\/\/judolive01.lb.judobase.org\/www.judo-world.net\/ijf\/world\/wc_sen2017\/tta.php?tta_mode=&amp;aktion=teilnehmer&amp;nation=GBR&amp;geschlecht=&amp;sprache=english\"><img decoding=\"async\" src=\"http:\/\/judolive01.lb.judobase.org\/www.judo-world.net\/tta\/flags\/gbr_s.jpg\" border=\"0\" \/><\/a><\/td>\n<td bgcolor=\"#84BEFF\"><a href=\"http:\/\/judolive01.lb.judobase.org\/www.judo-world.net\/ijf\/world\/wc_sen2017\/tta.php?tta_mode=&amp;aktion=teilnehmer&amp;nation=GBR&amp;geschlecht=&amp;sprache=english\">Great Britain (GBR)<\/a><\/td>\n<td align=\"center\" bgcolor=\"#84BEFF\">0<\/td>\n<td align=\"center\" bgcolor=\"#99CAFF\">0<\/td>\n<td align=\"center\" bgcolor=\"#AED5FF\">2<\/td>\n<td align=\"center\" bgcolor=\"#C4E0FF\">0<\/td>\n<td align=\"center\" bgcolor=\"#D9EBFF\">1<\/td>\n<\/tr>\n<tr>\n<td align=\"right\" bgcolor=\"#6AB1FF\">16.<\/td>\n<td align=\"center\" bgcolor=\"#6AB1FF\"><a href=\"http:\/\/judolive01.lb.judobase.org\/www.judo-world.net\/ijf\/world\/wc_sen2017\/tta.php?tta_mode=&amp;aktion=teilnehmer&amp;nation=ISR&amp;geschlecht=&amp;sprache=english\"><img decoding=\"async\" src=\"http:\/\/judolive01.lb.judobase.org\/www.judo-world.net\/tta\/flags\/isr_s.jpg\" border=\"0\" \/><\/a><\/td>\n<td bgcolor=\"#6AB1FF\"><a href=\"http:\/\/judolive01.lb.judobase.org\/www.judo-world.net\/ijf\/world\/wc_sen2017\/tta.php?tta_mode=&amp;aktion=teilnehmer&amp;nation=ISR&amp;geschlecht=&amp;sprache=english\">Israel (ISR)<\/a><\/td>\n<td align=\"center\" bgcolor=\"#84BEFF\">0<\/td>\n<td align=\"center\" bgcolor=\"#99CAFF\">0<\/td>\n<td align=\"center\" bgcolor=\"#AED5FF\">1<\/td>\n<td align=\"center\" bgcolor=\"#C4E0FF\">1<\/td>\n<td align=\"center\" bgcolor=\"#D9EBFF\">1<\/td>\n<\/tr>\n<tr>\n<td align=\"right\" bgcolor=\"#84BEFF\">16.<\/td>\n<td align=\"center\" bgcolor=\"#84BEFF\"><a href=\"http:\/\/judolive01.lb.judobase.org\/www.judo-world.net\/ijf\/world\/wc_sen2017\/tta.php?tta_mode=&amp;aktion=teilnehmer&amp;nation=UZB&amp;geschlecht=&amp;sprache=english\"><img decoding=\"async\" src=\"http:\/\/judolive01.lb.judobase.org\/www.judo-world.net\/tta\/flags\/uzb_s.jpg\" border=\"0\" \/><\/a><\/td>\n<td bgcolor=\"#84BEFF\"><a href=\"http:\/\/judolive01.lb.judobase.org\/www.judo-world.net\/ijf\/world\/wc_sen2017\/tta.php?tta_mode=&amp;aktion=teilnehmer&amp;nation=UZB&amp;geschlecht=&amp;sprache=english\">Uzbekistan (UZB)<\/a><\/td>\n<td align=\"center\" bgcolor=\"#84BEFF\">0<\/td>\n<td align=\"center\" bgcolor=\"#99CAFF\">0<\/td>\n<td align=\"center\" bgcolor=\"#AED5FF\">1<\/td>\n<td align=\"center\" bgcolor=\"#C4E0FF\">1<\/td>\n<td align=\"center\" bgcolor=\"#D9EBFF\">1<\/td>\n<\/tr>\n<tr>\n<td align=\"right\" bgcolor=\"#6AB1FF\">18.<\/td>\n<td align=\"center\" bgcolor=\"#6AB1FF\"><a href=\"http:\/\/judolive01.lb.judobase.org\/www.judo-world.net\/ijf\/world\/wc_sen2017\/tta.php?tta_mode=&amp;aktion=teilnehmer&amp;nation=KAZ&amp;geschlecht=&amp;sprache=english\"><img decoding=\"async\" src=\"http:\/\/judolive01.lb.judobase.org\/www.judo-world.net\/tta\/flags\/kaz_s.jpg\" border=\"0\" \/><\/a><\/td>\n<td bgcolor=\"#6AB1FF\"><a href=\"http:\/\/judolive01.lb.judobase.org\/www.judo-world.net\/ijf\/world\/wc_sen2017\/tta.php?tta_mode=&amp;aktion=teilnehmer&amp;nation=KAZ&amp;geschlecht=&amp;sprache=english\">Kazakhstan (KAZ)<\/a><\/td>\n<td align=\"center\" bgcolor=\"#84BEFF\">0<\/td>\n<td align=\"center\" bgcolor=\"#99CAFF\">0<\/td>\n<td align=\"center\" bgcolor=\"#AED5FF\">1<\/td>\n<td align=\"center\" bgcolor=\"#C4E0FF\">0<\/td>\n<td align=\"center\" bgcolor=\"#D9EBFF\">2<\/td>\n<\/tr>\n<tr>\n<td align=\"right\" bgcolor=\"#84BEFF\">19.<\/td>\n<td align=\"center\" bgcolor=\"#84BEFF\"><a href=\"http:\/\/judolive01.lb.judobase.org\/www.judo-world.net\/ijf\/world\/wc_sen2017\/tta.php?tta_mode=&amp;aktion=teilnehmer&amp;nation=COL&amp;geschlecht=&amp;sprache=english\"><img decoding=\"async\" src=\"http:\/\/judolive01.lb.judobase.org\/www.judo-world.net\/tta\/flags\/col_s.jpg\" border=\"0\" \/><\/a><\/td>\n<td bgcolor=\"#84BEFF\"><a href=\"http:\/\/judolive01.lb.judobase.org\/www.judo-world.net\/ijf\/world\/wc_sen2017\/tta.php?tta_mode=&amp;aktion=teilnehmer&amp;nation=COL&amp;geschlecht=&amp;sprache=english\">Colombia (COL)<\/a><\/td>\n<td align=\"center\" bgcolor=\"#84BEFF\">0<\/td>\n<td align=\"center\" bgcolor=\"#99CAFF\">0<\/td>\n<td align=\"center\" bgcolor=\"#AED5FF\">1<\/td>\n<td align=\"center\" bgcolor=\"#C4E0FF\">0<\/td>\n<td align=\"center\" bgcolor=\"#D9EBFF\">0<\/td>\n<\/tr>\n<tr>\n<td align=\"right\" bgcolor=\"#6AB1FF\">19.<\/td>\n<td align=\"center\" bgcolor=\"#6AB1FF\"><a href=\"http:\/\/judolive01.lb.judobase.org\/www.judo-world.net\/ijf\/world\/wc_sen2017\/tta.php?tta_mode=&amp;aktion=teilnehmer&amp;nation=CUB&amp;geschlecht=&amp;sprache=english\"><img decoding=\"async\" src=\"http:\/\/judolive01.lb.judobase.org\/www.judo-world.net\/tta\/flags\/cub_s.jpg\" border=\"0\" \/><\/a><\/td>\n<td bgcolor=\"#6AB1FF\"><a href=\"http:\/\/judolive01.lb.judobase.org\/www.judo-world.net\/ijf\/world\/wc_sen2017\/tta.php?tta_mode=&amp;aktion=teilnehmer&amp;nation=CUB&amp;geschlecht=&amp;sprache=english\">Cuba (CUB)<\/a><\/td>\n<td align=\"center\" bgcolor=\"#84BEFF\">0<\/td>\n<td align=\"center\" bgcolor=\"#99CAFF\">0<\/td>\n<td align=\"center\" bgcolor=\"#AED5FF\">1<\/td>\n<td align=\"center\" bgcolor=\"#C4E0FF\">0<\/td>\n<td align=\"center\" bgcolor=\"#D9EBFF\">0<\/td>\n<\/tr>\n<tr>\n<td align=\"right\" bgcolor=\"#84BEFF\">19.<\/td>\n<td align=\"center\" bgcolor=\"#84BEFF\"><a href=\"http:\/\/judolive01.lb.judobase.org\/www.judo-world.net\/ijf\/world\/wc_sen2017\/tta.php?tta_mode=&amp;aktion=teilnehmer&amp;nation=ESP&amp;geschlecht=&amp;sprache=english\"><img decoding=\"async\" src=\"http:\/\/judolive01.lb.judobase.org\/www.judo-world.net\/tta\/flags\/esp_s.jpg\" border=\"0\" \/><\/a><\/td>\n<td bgcolor=\"#84BEFF\"><a href=\"http:\/\/judolive01.lb.judobase.org\/www.judo-world.net\/ijf\/world\/wc_sen2017\/tta.php?tta_mode=&amp;aktion=teilnehmer&amp;nation=ESP&amp;geschlecht=&amp;sprache=english\">Spain (ESP)<\/a><\/td>\n<td align=\"center\" bgcolor=\"#84BEFF\">0<\/td>\n<td align=\"center\" bgcolor=\"#99CAFF\">0<\/td>\n<td align=\"center\" bgcolor=\"#AED5FF\">1<\/td>\n<td align=\"center\" bgcolor=\"#C4E0FF\">0<\/td>\n<td align=\"center\" bgcolor=\"#D9EBFF\">0<\/td>\n<\/tr>\n<tr>\n<td align=\"right\" bgcolor=\"#6AB1FF\">19.<\/td>\n<td align=\"center\" bgcolor=\"#6AB1FF\"><a href=\"http:\/\/judolive01.lb.judobase.org\/www.judo-world.net\/ijf\/world\/wc_sen2017\/tta.php?tta_mode=&amp;aktion=teilnehmer&amp;nation=IRI&amp;geschlecht=&amp;sprache=english\"><img decoding=\"async\" src=\"http:\/\/judolive01.lb.judobase.org\/www.judo-world.net\/tta\/flags\/iri_s.jpg\" border=\"0\" \/><\/a><\/td>\n<td bgcolor=\"#6AB1FF\"><a href=\"http:\/\/judolive01.lb.judobase.org\/www.judo-world.net\/ijf\/world\/wc_sen2017\/tta.php?tta_mode=&amp;aktion=teilnehmer&amp;nation=IRI&amp;geschlecht=&amp;sprache=english\">Iran (IRI)<\/a><\/td>\n<td align=\"center\" bgcolor=\"#84BEFF\">0<\/td>\n<td align=\"center\" bgcolor=\"#99CAFF\">0<\/td>\n<td align=\"center\" bgcolor=\"#AED5FF\">1<\/td>\n<td align=\"center\" bgcolor=\"#C4E0FF\">0<\/td>\n<td align=\"center\" bgcolor=\"#D9EBFF\">0<\/td>\n<\/tr>\n<tr>\n<td align=\"right\" bgcolor=\"#84BEFF\">19.<\/td>\n<td align=\"center\" bgcolor=\"#84BEFF\"><a href=\"http:\/\/judolive01.lb.judobase.org\/www.judo-world.net\/ijf\/world\/wc_sen2017\/tta.php?tta_mode=&amp;aktion=teilnehmer&amp;nation=POL&amp;geschlecht=&amp;sprache=english\"><img decoding=\"async\" src=\"http:\/\/judolive01.lb.judobase.org\/www.judo-world.net\/tta\/flags\/pol_s.jpg\" border=\"0\" \/><\/a><\/td>\n<td bgcolor=\"#84BEFF\"><a href=\"http:\/\/judolive01.lb.judobase.org\/www.judo-world.net\/ijf\/world\/wc_sen2017\/tta.php?tta_mode=&amp;aktion=teilnehmer&amp;nation=POL&amp;geschlecht=&amp;sprache=english\">Poland (POL)<\/a><\/td>\n<td align=\"center\" bgcolor=\"#84BEFF\">0<\/td>\n<td align=\"center\" bgcolor=\"#99CAFF\">0<\/td>\n<td align=\"center\" bgcolor=\"#AED5FF\">1<\/td>\n<td align=\"center\" bgcolor=\"#C4E0FF\">0<\/td>\n<td align=\"center\" bgcolor=\"#D9EBFF\">0<\/td>\n<\/tr>\n<\/tbody>\n<\/table>\n<div><\/div>\n<div>\n<blockquote id=\"yui_3_16_0_ym19_1_1505272818385_4911\">\n<div id=\"yui_3_16_0_ym19_1_1505272818385_4910\">\n<blockquote id=\"yui_3_16_0_ym19_1_1505272818385_4919\">\n<div id=\"yui_3_16_0_ym19_1_1505272818385_4918\">Am\u00e9rica apenas logro una (1) medalla de oro, dos (2) de plata y cuatro (4) de bronce con Brasil, Puerto Rico, Colombia y Cuba, resaltando por su ausencia pa\u00edses\u00a0como Estados Unidos, Canad\u00e1, Argentina,\u00a0 \u00a0\u00a0etc., muy distante de actuaciones panamericanas de otras \u00e9pocas recientes.<\/div>\n<\/blockquote>\n<\/div>\n<\/blockquote>\n<blockquote id=\"yui_3_16_0_ym19_1_1505272818385_4911\">\n<div id=\"yui_3_16_0_ym19_1_1505272818385_4910\">\n<blockquote id=\"yui_3_16_0_ym19_1_1505272818385_4919\">\n<div id=\"yui_3_16_0_ym19_1_1505272818385_4918\">Resaltar que los medallistas del\u00a0continente\u00a0americano todav\u00eda hoy d\u00eda son el fruto de los Circuitos Panamericanos de Judo tanto en Senior como en Juvenil y Junior que a\u00f1o tras a\u00f1o patrocinaba la Uni\u00f3n Panamericana de Judo en eventos consecutivos en M\u00e9xico, Cuba, Rep\u00fablica Dominicana, Venezuela, Colombia y El Salvador.<\/div>\n<\/blockquote>\n<\/div>\n<\/blockquote>\n<blockquote id=\"yui_3_16_0_ym19_1_1505272818385_4911\">\n<div id=\"yui_3_16_0_ym19_1_1505272818385_4910\">\n<blockquote id=\"yui_3_16_0_ym19_1_1505272818385_4919\">\n<div id=\"yui_3_16_0_ym19_1_1505272818385_4918\">La pregunta es: donde esta el relevo del judo panamericano?<\/div>\n<\/blockquote>\n<\/div>\n<\/blockquote>\n<blockquote id=\"yui_3_16_0_ym19_1_1505272818385_4911\">\n<div id=\"yui_3_16_0_ym19_1_1505272818385_4910\">\n<blockquote id=\"yui_3_16_0_ym19_1_1505272818385_4919\">\n<div id=\"yui_3_16_0_ym19_1_1505272818385_4918\">Todo esta circunscrito al accionar de Marius Vizer dividiendo las uniones\u00a0continentales, las federaciones nacionales, etc., acciones que engrosan su vasto prontuario.<\/div>\n<\/blockquote>\n<\/div>\n<\/blockquote>\n<\/div>\n<\/div>\n<\/div>\n<\/div>\n<\/div>\n<\/div>\n<\/div>\n<\/div>\n<\/div>\n<\/div>\n<\/div>\n<\/div>\n<\/div>\n<\/div>\n<\/div>\n<\/div>\n<\/div>\n<\/div>\n<\/div>\n<\/div>\n","protected":false},"excerpt":{"rendered":"<p>Acaban de finalizar los llamados \u00abCampeonatos Mundiales de Judo\u00bb donde el ilegitimo presidente de la Federaci\u00f3n Internacional de Judo (FIJ) bajo las leyes suizas, utiliz\u00f3 el evento para vender su figura en el escaparate de la ciudad de Budapest, Hungr\u00eda donde se desarroll\u00f3 el certamen. Marius Vizer Seg\u00fan los medios informativos Marius Vizer logr\u00f3 una [&hellip;]<\/p>\n","protected":false},"author":1,"featured_media":248,"comment_status":"closed","ping_status":"open","sticky":false,"template":"","format":"standard","meta":[],"categories":[6],"tags":[],"_links":{"self":[{"href":"https:\/\/pju-upj.org\/index.php?rest_route=\/wp\/v2\/posts\/247"}],"collection":[{"href":"https:\/\/pju-upj.org\/index.php?rest_route=\/wp\/v2\/posts"}],"about":[{"href":"https:\/\/pju-upj.org\/index.php?rest_route=\/wp\/v2\/types\/post"}],"author":[{"embeddable":true,"href":"https:\/\/pju-upj.org\/index.php?rest_route=\/wp\/v2\/users\/1"}],"replies":[{"embeddable":true,"href":"https:\/\/pju-upj.org\/index.php?rest_route=%2Fwp%2Fv2%2Fcomments&post=247"}],"version-history":[{"count":1,"href":"https:\/\/pju-upj.org\/index.php?rest_route=\/wp\/v2\/posts\/247\/revisions"}],"predecessor-version":[{"id":249,"href":"https:\/\/pju-upj.org\/index.php?rest_route=\/wp\/v2\/posts\/247\/revisions\/249"}],"wp:featuredmedia":[{"embeddable":true,"href":"https:\/\/pju-upj.org\/index.php?rest_route=\/wp\/v2\/media\/248"}],"wp:attachment":[{"href":"https:\/\/pju-upj.org\/index.php?rest_route=%2Fwp%2Fv2%2Fmedia&parent=247"}],"wp:term":[{"taxonomy":"category","embeddable":true,"href":"https:\/\/pju-upj.org\/index.php?rest_route=%2Fwp%2Fv2%2Fcategories&post=247"},{"taxonomy":"post_tag","embeddable":true,"href":"https:\/\/pju-upj.org\/index.php?rest_route=%2Fwp%2Fv2%2Ftags&post=247"}],"curies":[{"name":"wp","href":"https:\/\/api.w.org\/{rel}","templated":true}]}}