{"id":1881,"date":"2020-10-02T22:47:00","date_gmt":"2020-10-02T22:47:00","guid":{"rendered":"http:\/\/pju-upj.org\/?p=1881"},"modified":"2020-10-02T22:47:00","modified_gmt":"2020-10-02T22:47:00","slug":"union-panamericana-de-judo-soporte-de-los-campeonatos-mundiales-de-judo-masculinos","status":"publish","type":"post","link":"https:\/\/pju-upj.org\/?p=1881","title":{"rendered":"Uni\u00f3n Panamericana de Judo Soporte de los Campeonatos Mundiales de Judo Masculinos."},"content":{"rendered":"<p>Uni\u00f3n Panamericana de Judo Soporte Importante para los Campeones Mundiales de Judo Masculinos.<\/p>\n<p>Santo Domingo, Rep\u00fablica Dominicana.- La representaci\u00f3n panamericana a los Campeonatos Mundiales de Judo Masculinos dio importantes resultados para el continente americano.<\/p>\n<p>Los peleadores de Estados Unidos, Cuba y Brasil impusieron su calidad ante competidores de los pa\u00edses considerados los m\u00e1s fuertes en la pr\u00e1ctica y desarrollo de la disciplina.<\/p>\n<p>Las medallas de oro iniciaron con Michael Swain de los Estados Unidos en el a\u00f1o 1987 en Essen, Alemania cuando logr\u00f3 la presea dorada en los 71 kilogramos.<\/p>\n<p>La cosecha continu\u00f3 en Birmingham , Inglaterra con dos medallas de oro ganadas por Manolo Poulot de Cuba y James Pedro de los Estados Unidos quienes compitieron en los 60 y 73 kilogramos, respectivamente.<\/p>\n<p>En El Cairo, Egipto en 2005 Joao Derly de Brasil logr\u00f3 la presea dorada en los 66 kilogramos.<\/p>\n<p>En R\u00edo de Janeiro, Brasil para el a\u00f1o 2007 la escuadra brasile\u00f1a tuvo una participaci\u00f3n hist\u00f3rica con tres medallas de oro logradas por Joao Derly, Camilo Tiago y Luciano Correa compitiendo en los 66, 81 y 100 kilogramos, sucesivamente.<\/p>\n<p>La Uni\u00f3n Panamericana de Judo sirvi\u00f3 de el m\u00e1s importante soporte para la consecuci\u00f3n de estos metales dorados con la colaboraci\u00f3n de quienes ten\u00edan la responsabilidad t\u00e9cnica por este organismo continental los se\u00f1ores Frank Fullerton y Carlos D\u00edaz en sus funciones de directores t\u00e9cnicos en el \u00e1rea deportiva y de arbitraje, respectivamente.<\/p>\n<h3>Campeones Mundiales de Judo Masculino<\/h3>\n<h3>*R\u00edo de Janeiro, Brasil 2007:*<\/h3>\n<figure id=\"attachment_1882\" aria-describedby=\"caption-attachment-1882\" style=\"width: 215px\" class=\"wp-caption alignnone\"><img decoding=\"async\" loading=\"lazy\" class=\"wp-image-1882 size-medium\" src=\"https:\/\/pju-upj.org\/wp-content\/uploads\/2020\/10\/Jo\u00e3o-Derly-215x300.jpg\" alt=\"\" width=\"215\" height=\"300\" srcset=\"https:\/\/pju-upj.org\/wp-content\/uploads\/2020\/10\/Jo\u00e3o-Derly-215x300.jpg 215w, https:\/\/pju-upj.org\/wp-content\/uploads\/2020\/10\/Jo\u00e3o-Derly-301x420.jpg 301w, https:\/\/pju-upj.org\/wp-content\/uploads\/2020\/10\/Jo\u00e3o-Derly.jpg 344w\" sizes=\"(max-width: 215px) 100vw, 215px\" \/><figcaption id=\"caption-attachment-1882\" class=\"wp-caption-text\">-Jo\u00e3o Derly (- 66 Kg Brasil)<\/figcaption><\/figure>\n<figure id=\"attachment_1883\" aria-describedby=\"caption-attachment-1883\" style=\"width: 300px\" class=\"wp-caption alignnone\"><img decoding=\"async\" loading=\"lazy\" class=\"wp-image-1883 size-medium\" src=\"https:\/\/pju-upj.org\/wp-content\/uploads\/2020\/10\/tiago-camilo-6eda1578-64a6-4feb-9cb8-ad65f15127c-resize-750-300x213.jpeg\" alt=\"\" width=\"300\" height=\"213\" srcset=\"https:\/\/pju-upj.org\/wp-content\/uploads\/2020\/10\/tiago-camilo-6eda1578-64a6-4feb-9cb8-ad65f15127c-resize-750-300x213.jpeg 300w, https:\/\/pju-upj.org\/wp-content\/uploads\/2020\/10\/tiago-camilo-6eda1578-64a6-4feb-9cb8-ad65f15127c-resize-750-100x70.jpeg 100w, https:\/\/pju-upj.org\/wp-content\/uploads\/2020\/10\/tiago-camilo-6eda1578-64a6-4feb-9cb8-ad65f15127c-resize-750-593x420.jpeg 593w, https:\/\/pju-upj.org\/wp-content\/uploads\/2020\/10\/tiago-camilo-6eda1578-64a6-4feb-9cb8-ad65f15127c-resize-750.jpeg 600w\" sizes=\"(max-width: 300px) 100vw, 300px\" \/><figcaption id=\"caption-attachment-1883\" class=\"wp-caption-text\">-Camilo Tiago (- 81 Kg Brasil)<\/figcaption><\/figure>\n<figure id=\"attachment_1884\" aria-describedby=\"caption-attachment-1884\" style=\"width: 300px\" class=\"wp-caption alignnone\"><img decoding=\"async\" loading=\"lazy\" class=\"wp-image-1884 size-medium\" src=\"https:\/\/pju-upj.org\/wp-content\/uploads\/2020\/10\/015281312-EX00-300x225.jpg\" alt=\"\" width=\"300\" height=\"225\" srcset=\"https:\/\/pju-upj.org\/wp-content\/uploads\/2020\/10\/015281312-EX00-300x225.jpg 300w, https:\/\/pju-upj.org\/wp-content\/uploads\/2020\/10\/015281312-EX00-80x60.jpg 80w, https:\/\/pju-upj.org\/wp-content\/uploads\/2020\/10\/015281312-EX00-265x198.jpg 265w, https:\/\/pju-upj.org\/wp-content\/uploads\/2020\/10\/015281312-EX00-559x420.jpg 559w, https:\/\/pju-upj.org\/wp-content\/uploads\/2020\/10\/015281312-EX00.jpg 606w\" sizes=\"(max-width: 300px) 100vw, 300px\" \/><figcaption id=\"caption-attachment-1884\" class=\"wp-caption-text\">-Luciano Correa (- 100 Kg Brasil)<\/figcaption><\/figure>\n<h3>*Cairo Egipto 2005:*<\/h3>\n<figure id=\"attachment_1882\" aria-describedby=\"caption-attachment-1882\" style=\"width: 215px\" class=\"wp-caption alignnone\"><img decoding=\"async\" loading=\"lazy\" class=\"wp-image-1882 size-medium\" src=\"https:\/\/pju-upj.org\/wp-content\/uploads\/2020\/10\/Jo\u00e3o-Derly-215x300.jpg\" alt=\"\" width=\"215\" height=\"300\" srcset=\"https:\/\/pju-upj.org\/wp-content\/uploads\/2020\/10\/Jo\u00e3o-Derly-215x300.jpg 215w, https:\/\/pju-upj.org\/wp-content\/uploads\/2020\/10\/Jo\u00e3o-Derly-301x420.jpg 301w, https:\/\/pju-upj.org\/wp-content\/uploads\/2020\/10\/Jo\u00e3o-Derly.jpg 344w\" sizes=\"(max-width: 215px) 100vw, 215px\" \/><figcaption id=\"caption-attachment-1882\" class=\"wp-caption-text\">-Jo\u00e3o Derly Jr. (- 66 Kg. Brasil)<\/figcaption><\/figure>\n<h3>*Birmigham, Inglaterra 1999:*<\/h3>\n<figure id=\"attachment_1885\" aria-describedby=\"caption-attachment-1885\" style=\"width: 199px\" class=\"wp-caption alignnone\"><img decoding=\"async\" loading=\"lazy\" class=\"wp-image-1885 size-medium\" src=\"https:\/\/pju-upj.org\/wp-content\/uploads\/2020\/10\/gettyimages-1047576-1024x1024-199x300.jpg\" alt=\"\" width=\"199\" height=\"300\" srcset=\"https:\/\/pju-upj.org\/wp-content\/uploads\/2020\/10\/gettyimages-1047576-1024x1024-199x300.jpg 199w, https:\/\/pju-upj.org\/wp-content\/uploads\/2020\/10\/gettyimages-1047576-1024x1024.jpg 678w, https:\/\/pju-upj.org\/wp-content\/uploads\/2020\/10\/gettyimages-1047576-1024x1024-278x420.jpg 278w\" sizes=\"(max-width: 199px) 100vw, 199px\" \/><figcaption id=\"caption-attachment-1885\" class=\"wp-caption-text\">-Manolo Poulot (- 60 Kg. Cuba)<\/figcaption><\/figure>\n<figure id=\"attachment_1887\" aria-describedby=\"caption-attachment-1887\" style=\"width: 169px\" class=\"wp-caption alignnone\"><img decoding=\"async\" loading=\"lazy\" class=\"wp-image-1887 size-full\" src=\"https:\/\/pju-upj.org\/wp-content\/uploads\/2020\/10\/jimmyolympic.gif\" alt=\"\" width=\"169\" height=\"276\" \/><figcaption id=\"caption-attachment-1887\" class=\"wp-caption-text\">-James Pedro (-73 Kg. Estados Unidos)<\/figcaption><\/figure>\n<h3>*Essen, Alemania 1987:*<\/h3>\n<figure id=\"attachment_1888\" aria-describedby=\"caption-attachment-1888\" style=\"width: 200px\" class=\"wp-caption alignnone\"><img decoding=\"async\" loading=\"lazy\" class=\"wp-image-1888 size-medium\" src=\"https:\/\/pju-upj.org\/wp-content\/uploads\/2020\/10\/mike-swain-1-200x300.jpg\" alt=\"\" width=\"200\" height=\"300\" \/><figcaption id=\"caption-attachment-1888\" class=\"wp-caption-text\">\u2014Michael Lee Swain (- 71 Kg Estados Unidos)<\/figcaption><\/figure>\n<h3>Panamerican Judo Union Important Support for the Men&#8217;s Judo World Champions.<\/h3>\n<p>Santo Domingo, Dominican Republic.- The Panamerican Judo Uni\u00f3n representation at the Men&#8217;s Judo World Championships gave important results for the American continent.<\/p>\n<p>The fighters from the United States, Cuba and Brazil imposed their quality on competitors from countries considered the strongest in the practice and development of the discipline.<\/p>\n<p>The gold medals began with Michael Swain of the United States in 1987 in Essen, Germany when he achieved the gold medal at 71 kilograms.<\/p>\n<p>The harvest continued in Birmingham, England with two gold medals won by Manolo Poulot from Cuba and James Pedro from the United States who competed in the 60 and 73 kilograms, respectively.<\/p>\n<p>In Cairo, Egypt in 2005 Joao Derly from Brazil achieved the gold medal at 66 kilograms.<\/p>\n<p>In Rio de Janeiro, Brazil in 2007 the Brazilian squad had a historic participation with three gold medals achieved by Joao Derly, Camilo Tiago and Luciano Correa competing in 66, 81 and 100 kilograms, successively.<\/p>\n<p>The Panamerican Judo Union served as the most important support for the achievement of these golden metals with the collaboration of those who had technical responsibility for this continental body, Frank Fullerton and Carlos D\u00edaz in the sports area and arbitration, respective.<\/p>\n<h2>World Champions of Men&#8217;s Judo<\/h2>\n<h4>* Rio de Janeiro, Brazil 2007: *<\/h4>\n<figure id=\"attachment_1882\" aria-describedby=\"caption-attachment-1882\" style=\"width: 215px\" class=\"wp-caption alignnone\"><img decoding=\"async\" loading=\"lazy\" class=\"wp-image-1882 size-medium\" src=\"https:\/\/pju-upj.org\/wp-content\/uploads\/2020\/10\/Jo\u00e3o-Derly-215x300.jpg\" alt=\"\" width=\"215\" height=\"300\" srcset=\"https:\/\/pju-upj.org\/wp-content\/uploads\/2020\/10\/Jo\u00e3o-Derly-215x300.jpg 215w, https:\/\/pju-upj.org\/wp-content\/uploads\/2020\/10\/Jo\u00e3o-Derly-301x420.jpg 301w, https:\/\/pju-upj.org\/wp-content\/uploads\/2020\/10\/Jo\u00e3o-Derly.jpg 344w\" sizes=\"(max-width: 215px) 100vw, 215px\" \/><figcaption id=\"caption-attachment-1882\" class=\"wp-caption-text\">-Jo\u00e3o Derly (- 66 Kg Brazil)<\/figcaption><\/figure>\n<figure id=\"attachment_1883\" aria-describedby=\"caption-attachment-1883\" style=\"width: 300px\" class=\"wp-caption alignnone\"><img decoding=\"async\" loading=\"lazy\" class=\"wp-image-1883 size-medium\" src=\"https:\/\/pju-upj.org\/wp-content\/uploads\/2020\/10\/tiago-camilo-6eda1578-64a6-4feb-9cb8-ad65f15127c-resize-750-300x213.jpeg\" alt=\"\" width=\"300\" height=\"213\" srcset=\"https:\/\/pju-upj.org\/wp-content\/uploads\/2020\/10\/tiago-camilo-6eda1578-64a6-4feb-9cb8-ad65f15127c-resize-750-300x213.jpeg 300w, https:\/\/pju-upj.org\/wp-content\/uploads\/2020\/10\/tiago-camilo-6eda1578-64a6-4feb-9cb8-ad65f15127c-resize-750-100x70.jpeg 100w, https:\/\/pju-upj.org\/wp-content\/uploads\/2020\/10\/tiago-camilo-6eda1578-64a6-4feb-9cb8-ad65f15127c-resize-750-593x420.jpeg 593w, https:\/\/pju-upj.org\/wp-content\/uploads\/2020\/10\/tiago-camilo-6eda1578-64a6-4feb-9cb8-ad65f15127c-resize-750.jpeg 600w\" sizes=\"(max-width: 300px) 100vw, 300px\" \/><figcaption id=\"caption-attachment-1883\" class=\"wp-caption-text\">-Camilo Tiago (- 81 Kg Brazil)<\/figcaption><\/figure>\n<figure id=\"attachment_1884\" aria-describedby=\"caption-attachment-1884\" style=\"width: 300px\" class=\"wp-caption alignnone\"><img decoding=\"async\" loading=\"lazy\" class=\"wp-image-1884 size-medium\" src=\"https:\/\/pju-upj.org\/wp-content\/uploads\/2020\/10\/015281312-EX00-300x225.jpg\" alt=\"\" width=\"300\" height=\"225\" srcset=\"https:\/\/pju-upj.org\/wp-content\/uploads\/2020\/10\/015281312-EX00-300x225.jpg 300w, https:\/\/pju-upj.org\/wp-content\/uploads\/2020\/10\/015281312-EX00-80x60.jpg 80w, https:\/\/pju-upj.org\/wp-content\/uploads\/2020\/10\/015281312-EX00-265x198.jpg 265w, https:\/\/pju-upj.org\/wp-content\/uploads\/2020\/10\/015281312-EX00-559x420.jpg 559w, https:\/\/pju-upj.org\/wp-content\/uploads\/2020\/10\/015281312-EX00.jpg 606w\" sizes=\"(max-width: 300px) 100vw, 300px\" \/><figcaption id=\"caption-attachment-1884\" class=\"wp-caption-text\">-Luciano Correa (- 100 Kg Brazil)<\/figcaption><\/figure>\n<h3>* Cairo Egypt 2005: *<\/h3>\n<figure id=\"attachment_1882\" aria-describedby=\"caption-attachment-1882\" style=\"width: 215px\" class=\"wp-caption alignnone\"><img decoding=\"async\" loading=\"lazy\" class=\"wp-image-1882 size-medium\" src=\"https:\/\/pju-upj.org\/wp-content\/uploads\/2020\/10\/Jo\u00e3o-Derly-215x300.jpg\" alt=\"\" width=\"215\" height=\"300\" srcset=\"https:\/\/pju-upj.org\/wp-content\/uploads\/2020\/10\/Jo\u00e3o-Derly-215x300.jpg 215w, https:\/\/pju-upj.org\/wp-content\/uploads\/2020\/10\/Jo\u00e3o-Derly-301x420.jpg 301w, https:\/\/pju-upj.org\/wp-content\/uploads\/2020\/10\/Jo\u00e3o-Derly.jpg 344w\" sizes=\"(max-width: 215px) 100vw, 215px\" \/><figcaption id=\"caption-attachment-1882\" class=\"wp-caption-text\">-Jo\u00e3o Derly Jr. (- 66 Kg. Brazil)<\/figcaption><\/figure>\n<h3>* Birmigham, England 1999: *<\/h3>\n<figure id=\"attachment_1885\" aria-describedby=\"caption-attachment-1885\" style=\"width: 199px\" class=\"wp-caption alignnone\"><img decoding=\"async\" loading=\"lazy\" class=\"wp-image-1885 size-medium\" src=\"https:\/\/pju-upj.org\/wp-content\/uploads\/2020\/10\/gettyimages-1047576-1024x1024-199x300.jpg\" alt=\"\" width=\"199\" height=\"300\" srcset=\"https:\/\/pju-upj.org\/wp-content\/uploads\/2020\/10\/gettyimages-1047576-1024x1024-199x300.jpg 199w, https:\/\/pju-upj.org\/wp-content\/uploads\/2020\/10\/gettyimages-1047576-1024x1024.jpg 678w, https:\/\/pju-upj.org\/wp-content\/uploads\/2020\/10\/gettyimages-1047576-1024x1024-278x420.jpg 278w\" sizes=\"(max-width: 199px) 100vw, 199px\" \/><figcaption id=\"caption-attachment-1885\" class=\"wp-caption-text\">-Manolo Poulot (- 60 Kg. Cuba)<\/figcaption><\/figure>\n<figure id=\"attachment_1887\" aria-describedby=\"caption-attachment-1887\" style=\"width: 169px\" class=\"wp-caption alignnone\"><img decoding=\"async\" loading=\"lazy\" class=\"wp-image-1887 size-full\" src=\"https:\/\/pju-upj.org\/wp-content\/uploads\/2020\/10\/jimmyolympic.gif\" alt=\"\" width=\"169\" height=\"276\" \/><figcaption id=\"caption-attachment-1887\" class=\"wp-caption-text\">James Pedro (-73 Kg. United States)<\/figcaption><\/figure>\n<h3>* Essen, Germany 1987: *<\/h3>\n<figure id=\"attachment_1888\" aria-describedby=\"caption-attachment-1888\" style=\"width: 200px\" class=\"wp-caption alignnone\"><img decoding=\"async\" loading=\"lazy\" class=\"wp-image-1888 size-medium\" src=\"https:\/\/pju-upj.org\/wp-content\/uploads\/2020\/10\/mike-swain-1-200x300.jpg\" alt=\"\" width=\"200\" height=\"300\" \/><figcaption id=\"caption-attachment-1888\" class=\"wp-caption-text\">\u2014Michael Lee Swain (- 71 Kg United States)<\/figcaption><\/figure>\n","protected":false},"excerpt":{"rendered":"<p>Uni\u00f3n Panamericana de Judo Soporte Importante para los Campeones Mundiales de Judo Masculinos. Santo Domingo, Rep\u00fablica Dominicana.- La representaci\u00f3n panamericana a los Campeonatos Mundiales de Judo Masculinos dio importantes resultados para el continente americano. Los peleadores de Estados Unidos, Cuba y Brasil impusieron su calidad ante competidores de los pa\u00edses considerados los m\u00e1s fuertes en [&hellip;]<\/p>\n","protected":false},"author":1,"featured_media":1890,"comment_status":"closed","ping_status":"open","sticky":false,"template":"","format":"standard","meta":[],"categories":[2,19],"tags":[],"_links":{"self":[{"href":"https:\/\/pju-upj.org\/index.php?rest_route=\/wp\/v2\/posts\/1881"}],"collection":[{"href":"https:\/\/pju-upj.org\/index.php?rest_route=\/wp\/v2\/posts"}],"about":[{"href":"https:\/\/pju-upj.org\/index.php?rest_route=\/wp\/v2\/types\/post"}],"author":[{"embeddable":true,"href":"https:\/\/pju-upj.org\/index.php?rest_route=\/wp\/v2\/users\/1"}],"replies":[{"embeddable":true,"href":"https:\/\/pju-upj.org\/index.php?rest_route=%2Fwp%2Fv2%2Fcomments&post=1881"}],"version-history":[{"count":1,"href":"https:\/\/pju-upj.org\/index.php?rest_route=\/wp\/v2\/posts\/1881\/revisions"}],"predecessor-version":[{"id":1889,"href":"https:\/\/pju-upj.org\/index.php?rest_route=\/wp\/v2\/posts\/1881\/revisions\/1889"}],"wp:featuredmedia":[{"embeddable":true,"href":"https:\/\/pju-upj.org\/index.php?rest_route=\/wp\/v2\/media\/1890"}],"wp:attachment":[{"href":"https:\/\/pju-upj.org\/index.php?rest_route=%2Fwp%2Fv2%2Fmedia&parent=1881"}],"wp:term":[{"taxonomy":"category","embeddable":true,"href":"https:\/\/pju-upj.org\/index.php?rest_route=%2Fwp%2Fv2%2Fcategories&post=1881"},{"taxonomy":"post_tag","embeddable":true,"href":"https:\/\/pju-upj.org\/index.php?rest_route=%2Fwp%2Fv2%2Ftags&post=1881"}],"curies":[{"name":"wp","href":"https:\/\/api.w.org\/{rel}","templated":true}]}}