{"id":1324,"date":"2019-10-14T02:57:52","date_gmt":"2019-10-14T02:57:52","guid":{"rendered":"http:\/\/pju-upj.org\/?p=1324"},"modified":"2019-10-14T02:57:52","modified_gmt":"2019-10-14T02:57:52","slug":"union-panamericana-de-judo-y-el-dia-mundial-de-la-caminata","status":"publish","type":"post","link":"https:\/\/pju-upj.org\/?p=1324","title":{"rendered":"Uni\u00f3n Panamericana de Judo y el D\u00eda Mundial de la Caminata"},"content":{"rendered":"<p>Santo Domingo, Rep\u00fablica Dominicana.- En lo que es una tradici\u00f3n y a\u00f1o tras a\u00f1o la Uni\u00f3n Panamericana de Judo, UPJ, se integra con sus organizaciones nacionales afiliadas al D\u00eda Mundial de la Caminata y que este 2019 correspondi\u00f3 al 5 y 6 de octubre como lo indic\u00f3 la The Association International for Sports for All, Tafisa.<\/p>\n<p>La actividad data del 1991 con la integraci\u00f3n de grupos de personas en cada pueblo para la movilidad del cuerpo ante el inmenso fr\u00edo existente y as\u00ed darle actividad requerida para evitar la congelaci\u00f3n.<br \/>\nHoy d\u00eda es un evento mundial donde las diferentes ciudades realizan las inscripciones a Tafisa para otorgar las premiaciones posteriormente en diferentes categor\u00edas.<\/p>\n<p><img decoding=\"async\" loading=\"lazy\" class=\"alignnone size-full wp-image-1326\" src=\"https:\/\/pju-upj.org\/wp-content\/uploads\/2019\/10\/IMG_7559.jpg\" alt=\"\" width=\"1280\" height=\"960\" srcset=\"https:\/\/pju-upj.org\/wp-content\/uploads\/2019\/10\/IMG_7559.jpg 1280w, https:\/\/pju-upj.org\/wp-content\/uploads\/2019\/10\/IMG_7559-300x225.jpg 300w, https:\/\/pju-upj.org\/wp-content\/uploads\/2019\/10\/IMG_7559-768x576.jpg 768w, https:\/\/pju-upj.org\/wp-content\/uploads\/2019\/10\/IMG_7559-1024x768.jpg 1024w, https:\/\/pju-upj.org\/wp-content\/uploads\/2019\/10\/IMG_7559-80x60.jpg 80w, https:\/\/pju-upj.org\/wp-content\/uploads\/2019\/10\/IMG_7559-265x198.jpg 265w, https:\/\/pju-upj.org\/wp-content\/uploads\/2019\/10\/IMG_7559-696x522.jpg 696w, https:\/\/pju-upj.org\/wp-content\/uploads\/2019\/10\/IMG_7559-1068x801.jpg 1068w, https:\/\/pju-upj.org\/wp-content\/uploads\/2019\/10\/IMG_7559-560x420.jpg 560w\" sizes=\"(max-width: 1280px) 100vw, 1280px\" \/><\/p>\n","protected":false},"excerpt":{"rendered":"<p>Santo Domingo, Rep\u00fablica Dominicana.- En lo que es una tradici\u00f3n y a\u00f1o tras a\u00f1o la Uni\u00f3n Panamericana de Judo, UPJ, se integra con sus organizaciones nacionales afiliadas al D\u00eda Mundial de la Caminata y que este 2019 correspondi\u00f3 al 5 y 6 de octubre como lo indic\u00f3 la The Association International for Sports for All, [&hellip;]<\/p>\n","protected":false},"author":1,"featured_media":1325,"comment_status":"closed","ping_status":"open","sticky":false,"template":"","format":"standard","meta":[],"categories":[2,19],"tags":[],"_links":{"self":[{"href":"https:\/\/pju-upj.org\/index.php?rest_route=\/wp\/v2\/posts\/1324"}],"collection":[{"href":"https:\/\/pju-upj.org\/index.php?rest_route=\/wp\/v2\/posts"}],"about":[{"href":"https:\/\/pju-upj.org\/index.php?rest_route=\/wp\/v2\/types\/post"}],"author":[{"embeddable":true,"href":"https:\/\/pju-upj.org\/index.php?rest_route=\/wp\/v2\/users\/1"}],"replies":[{"embeddable":true,"href":"https:\/\/pju-upj.org\/index.php?rest_route=%2Fwp%2Fv2%2Fcomments&post=1324"}],"version-history":[{"count":1,"href":"https:\/\/pju-upj.org\/index.php?rest_route=\/wp\/v2\/posts\/1324\/revisions"}],"predecessor-version":[{"id":1327,"href":"https:\/\/pju-upj.org\/index.php?rest_route=\/wp\/v2\/posts\/1324\/revisions\/1327"}],"wp:featuredmedia":[{"embeddable":true,"href":"https:\/\/pju-upj.org\/index.php?rest_route=\/wp\/v2\/media\/1325"}],"wp:attachment":[{"href":"https:\/\/pju-upj.org\/index.php?rest_route=%2Fwp%2Fv2%2Fmedia&parent=1324"}],"wp:term":[{"taxonomy":"category","embeddable":true,"href":"https:\/\/pju-upj.org\/index.php?rest_route=%2Fwp%2Fv2%2Fcategories&post=1324"},{"taxonomy":"post_tag","embeddable":true,"href":"https:\/\/pju-upj.org\/index.php?rest_route=%2Fwp%2Fv2%2Ftags&post=1324"}],"curies":[{"name":"wp","href":"https:\/\/api.w.org\/{rel}","templated":true}]}}