{"id":1301,"date":"2019-09-14T02:11:09","date_gmt":"2019-09-14T02:11:09","guid":{"rendered":"http:\/\/pju-upj.org\/?p=1301"},"modified":"2019-09-14T02:11:09","modified_gmt":"2019-09-14T02:11:09","slug":"campeonatos-brasileiros-das-ligas-de-judo-2019","status":"publish","type":"post","link":"https:\/\/pju-upj.org\/?p=1301","title":{"rendered":"Campeonatos Brasileiros das Ligas de Judo 2019."},"content":{"rendered":"<p>2019 Campeonatos Brasileiros das Ligas de Judo.<br \/>\nUberaba, Minas Gerais, Brasil.<br \/>\n23 al 25 de noviembre 2019<\/p>\n<p>La Liga Nacional de Judo (LNJ) anunci\u00f3 la realizaci\u00f3n de los Campeonatos Brasileiros de Judo a realizarse en la ciudad de Uberaba del estado de Minas Gerais, Brasil.<\/p>\n<p><img decoding=\"async\" loading=\"lazy\" class=\"alignnone size-full wp-image-1305\" src=\"https:\/\/pju-upj.org\/wp-content\/uploads\/2019\/09\/IMG_5850.jpg\" alt=\"\" width=\"640\" height=\"448\" srcset=\"https:\/\/pju-upj.org\/wp-content\/uploads\/2019\/09\/IMG_5850.jpg 640w, https:\/\/pju-upj.org\/wp-content\/uploads\/2019\/09\/IMG_5850-300x210.jpg 300w, https:\/\/pju-upj.org\/wp-content\/uploads\/2019\/09\/IMG_5850-100x70.jpg 100w, https:\/\/pju-upj.org\/wp-content\/uploads\/2019\/09\/IMG_5850-600x420.jpg 600w\" sizes=\"(max-width: 640px) 100vw, 640px\" \/><br \/>\nLa Liga Nacional de Judo est\u00e1 presidida por el profesor Galileu Paiva quien es el fundador de esta entidad que tiene la mayor cantidad de atletas del pa\u00eds suramericano.<\/p>\n<p>Se espera la participaci\u00f3n de m\u00e1s de 1000 atletas lo que ya es una tradici\u00f3n en el judo brasile\u00f1o y una re\u00f1ida competencia entre las delegaciones de los diferentes estados.<br \/>\nEl evento en cuesti\u00f3n tiene el aval de la Uni\u00f3n Panamericana de Judo (UPJ) y de la World Judo Federation (WJF).<\/p>\n<p><img decoding=\"async\" loading=\"lazy\" class=\"alignnone wp-image-1303 size-thumbnail\" src=\"https:\/\/pju-upj.org\/wp-content\/uploads\/2019\/09\/IMG_2197-150x150.jpg\" alt=\"\" width=\"150\" height=\"150\" \/> <img decoding=\"async\" loading=\"lazy\" class=\"alignnone wp-image-1304 size-thumbnail\" src=\"https:\/\/pju-upj.org\/wp-content\/uploads\/2019\/09\/IMG_4814-150x150.jpg\" alt=\"\" width=\"150\" height=\"150\" \/><\/p>\n","protected":false},"excerpt":{"rendered":"<p>2019 Campeonatos Brasileiros das Ligas de Judo. Uberaba, Minas Gerais, Brasil. 23 al 25 de noviembre 2019 La Liga Nacional de Judo (LNJ) anunci\u00f3 la realizaci\u00f3n de los Campeonatos Brasileiros de Judo a realizarse en la ciudad de Uberaba del estado de Minas Gerais, Brasil. La Liga Nacional de Judo est\u00e1 presidida por el profesor [&hellip;]<\/p>\n","protected":false},"author":1,"featured_media":1302,"comment_status":"closed","ping_status":"open","sticky":false,"template":"","format":"standard","meta":[],"categories":[2,19],"tags":[],"_links":{"self":[{"href":"https:\/\/pju-upj.org\/index.php?rest_route=\/wp\/v2\/posts\/1301"}],"collection":[{"href":"https:\/\/pju-upj.org\/index.php?rest_route=\/wp\/v2\/posts"}],"about":[{"href":"https:\/\/pju-upj.org\/index.php?rest_route=\/wp\/v2\/types\/post"}],"author":[{"embeddable":true,"href":"https:\/\/pju-upj.org\/index.php?rest_route=\/wp\/v2\/users\/1"}],"replies":[{"embeddable":true,"href":"https:\/\/pju-upj.org\/index.php?rest_route=%2Fwp%2Fv2%2Fcomments&post=1301"}],"version-history":[{"count":1,"href":"https:\/\/pju-upj.org\/index.php?rest_route=\/wp\/v2\/posts\/1301\/revisions"}],"predecessor-version":[{"id":1306,"href":"https:\/\/pju-upj.org\/index.php?rest_route=\/wp\/v2\/posts\/1301\/revisions\/1306"}],"wp:featuredmedia":[{"embeddable":true,"href":"https:\/\/pju-upj.org\/index.php?rest_route=\/wp\/v2\/media\/1302"}],"wp:attachment":[{"href":"https:\/\/pju-upj.org\/index.php?rest_route=%2Fwp%2Fv2%2Fmedia&parent=1301"}],"wp:term":[{"taxonomy":"category","embeddable":true,"href":"https:\/\/pju-upj.org\/index.php?rest_route=%2Fwp%2Fv2%2Fcategories&post=1301"},{"taxonomy":"post_tag","embeddable":true,"href":"https:\/\/pju-upj.org\/index.php?rest_route=%2Fwp%2Fv2%2Ftags&post=1301"}],"curies":[{"name":"wp","href":"https:\/\/api.w.org\/{rel}","templated":true}]}}