{"id":1153,"date":"2019-07-24T04:18:06","date_gmt":"2019-07-24T04:18:06","guid":{"rendered":"http:\/\/pju-upj.org\/?p=1153"},"modified":"2019-07-24T04:18:06","modified_gmt":"2019-07-24T04:18:06","slug":"director-deportivo-de-la-union-panamericana-de-judo-upj-en-cursos-de-verano-en-el-instituto-del-kodokan","status":"publish","type":"post","link":"https:\/\/pju-upj.org\/?p=1153","title":{"rendered":"Director Deportivo de la Uni\u00f3n Panamericana de Judo (UPJ) en Cursos de Verano en el Instituto del Kodokan"},"content":{"rendered":"<div dir=\"ltr\">Tokio, Jap\u00f3n.- El profesor\u00a0Galileu Paolo Paiva, Director Deportivo de la Uni\u00f3n Panamericana y de la Confederaci\u00f3n Suramericana de Judo participa en los Cursos de Verano en Instituto del Kodokan de esta urbe.<\/div>\n<div dir=\"ltr\"><\/div>\n<div dir=\"ltr\">\n<figure id=\"attachment_1154\" aria-describedby=\"caption-attachment-1154\" style=\"width: 640px\" class=\"wp-caption alignnone\"><img decoding=\"async\" loading=\"lazy\" class=\"size-full wp-image-1154\" src=\"https:\/\/pju-upj.org\/wp-content\/uploads\/2019\/07\/judo-japon.jpg\" alt=\"\" width=\"640\" height=\"326\" srcset=\"https:\/\/pju-upj.org\/wp-content\/uploads\/2019\/07\/judo-japon.jpg 640w, https:\/\/pju-upj.org\/wp-content\/uploads\/2019\/07\/judo-japon-300x153.jpg 300w\" sizes=\"(max-width: 640px) 100vw, 640px\" \/><figcaption id=\"caption-attachment-1154\" class=\"wp-caption-text\">Director Deportivo de la Uni\u00f3n Panamericana de Judo (UPJ) en Cursos de Verano en el Instituto del Kodokan.<\/figcaption><\/figure>\n<\/div>\n<div dir=\"ltr\">\n<div id=\"m_5290564948530287859m_7085518160194014028yui_3_16_0_ym19_1_1554318051834_8271\">El profesor Galileu Paolo Paiva presidio\u00a0la Liga<u><\/u>\u00a0Mineira<u><\/u>\u00a0de Judo (LMJ) en el periodo 2017-<\/div>\n<div>2018 y\u00a0es especializado en Administraci\u00f3n Deportiva.<\/div>\n<div><\/div>\n<div id=\"m_5290564948530287859m_7085518160194014028yui_3_16_0_ym19_1_1554318051834_8271\">Tambi\u00e9n ha fungido como Director T\u00e9cnico de\u00a0<u><\/u><u><\/u>la Liga<u><\/u>\u00a0Nacional<u><\/u>\u00a0de Judo &#8211; Brasil (LNJ).<\/div>\n<div id=\"m_5290564948530287859m_7085518160194014028yui_3_16_0_ym19_1_1554318051834_8271\">Tienen su haber campeonatos en Minas Gerais y de todo Brasil en su \u00e9poca de atleta por varios a\u00f1os completando con su perfeccionamiento t\u00e9cnico docente en el Instituto \u00a0del Kodokan de la ciudad de Tokio en Jap\u00f3n, as\u00ed mismo, en el Comit\u00e9 Ol\u00edmpico Espa\u00f1ol en Madrid, Espa\u00f1a y en Toronto, Canad\u00e1, entre otros.<\/div>\n<\/div>\n","protected":false},"excerpt":{"rendered":"<p>Tokio, Jap\u00f3n.- El profesor\u00a0Galileu Paolo Paiva, Director Deportivo de la Uni\u00f3n Panamericana y de la Confederaci\u00f3n Suramericana de Judo participa en los Cursos de Verano en Instituto del Kodokan de esta urbe. El profesor Galileu Paolo Paiva presidio\u00a0la Liga\u00a0Mineira\u00a0de Judo (LMJ) en el periodo 2017- 2018 y\u00a0es especializado en Administraci\u00f3n Deportiva. Tambi\u00e9n ha fungido como [&hellip;]<\/p>\n","protected":false},"author":1,"featured_media":1155,"comment_status":"closed","ping_status":"open","sticky":false,"template":"","format":"standard","meta":[],"categories":[2,19],"tags":[],"_links":{"self":[{"href":"https:\/\/pju-upj.org\/index.php?rest_route=\/wp\/v2\/posts\/1153"}],"collection":[{"href":"https:\/\/pju-upj.org\/index.php?rest_route=\/wp\/v2\/posts"}],"about":[{"href":"https:\/\/pju-upj.org\/index.php?rest_route=\/wp\/v2\/types\/post"}],"author":[{"embeddable":true,"href":"https:\/\/pju-upj.org\/index.php?rest_route=\/wp\/v2\/users\/1"}],"replies":[{"embeddable":true,"href":"https:\/\/pju-upj.org\/index.php?rest_route=%2Fwp%2Fv2%2Fcomments&post=1153"}],"version-history":[{"count":1,"href":"https:\/\/pju-upj.org\/index.php?rest_route=\/wp\/v2\/posts\/1153\/revisions"}],"predecessor-version":[{"id":1156,"href":"https:\/\/pju-upj.org\/index.php?rest_route=\/wp\/v2\/posts\/1153\/revisions\/1156"}],"wp:featuredmedia":[{"embeddable":true,"href":"https:\/\/pju-upj.org\/index.php?rest_route=\/wp\/v2\/media\/1155"}],"wp:attachment":[{"href":"https:\/\/pju-upj.org\/index.php?rest_route=%2Fwp%2Fv2%2Fmedia&parent=1153"}],"wp:term":[{"taxonomy":"category","embeddable":true,"href":"https:\/\/pju-upj.org\/index.php?rest_route=%2Fwp%2Fv2%2Fcategories&post=1153"},{"taxonomy":"post_tag","embeddable":true,"href":"https:\/\/pju-upj.org\/index.php?rest_route=%2Fwp%2Fv2%2Ftags&post=1153"}],"curies":[{"name":"wp","href":"https:\/\/api.w.org\/{rel}","templated":true}]}}